{"id":11203,"date":"2022-02-06T09:47:06","date_gmt":"2022-02-06T08:47:06","guid":{"rendered":"http:\/\/mikanews.net\/?p=11203"},"modified":"2022-02-06T09:47:06","modified_gmt":"2022-02-06T08:47:06","slug":"neuheiten-2022-1-automodelle-von-busch","status":"publish","type":"post","link":"http:\/\/mikanews.net\/?p=11203","title":{"rendered":"Neuheiten 2022\/1 &#8211; Automodelle von Busch"},"content":{"rendered":"<p>Neben neuen Geb\u00e4uden und Zubeh\u00f6r stellte Busch zu dem Termin der Spielwarenmesse ihre Neuheiten vor. Hier ein \u00dcberblick der Fahrzeuge.<!--more--><\/p>\n<p><strong><span id=\"page3R_mcid7\" class=\"markedContent\"><span dir=\"ltr\" role=\"presentation\">42895 Weimar Mobilbagger T 174<\/span><span dir=\"ltr\" role=\"presentation\">&#8211;<\/span><span dir=\"ltr\" role=\"presentation\">2 Stillstand<\/span> <span dir=\"ltr\" role=\"presentation\">\u20ac 29<\/span><span dir=\"ltr\" role=\"presentation\">,99<\/span><\/span><\/strong><span id=\"page3R_mcid8\" class=\"markedContent\"><br role=\"presentation\" \/><span dir=\"ltr\" role=\"presentation\">Ob dieser<\/span> <span dir=\"ltr\" role=\"presentation\">Bagger jemals wieder baggern wird?<\/span> <span dir=\"ltr\" role=\"presentation\">Wahrscheinlich nicht,<\/span> <span dir=\"ltr\" role=\"presentation\">denn<\/span> <span dir=\"ltr\" role=\"presentation\">im Laufe der Jahre hat sich<\/span> <span dir=\"ltr\" role=\"presentation\">die Natur d<\/span><span dir=\"ltr\" role=\"presentation\">as stillgelegte<\/span> <span dir=\"ltr\" role=\"presentation\">Gef\u00e4hrt \u00bbeinverleibt\u00ab. Aufwendig auf \u00bb<\/span><span dir=\"ltr\" role=\"presentation\">vergessen<\/span><span dir=\"ltr\" role=\"presentation\">\u00ab<\/span> <span dir=\"ltr\" role=\"presentation\">dekorier<\/span><span dir=\"ltr\" role=\"presentation\">ter Weimar Bagger<\/span><br role=\"presentation\" \/><span dir=\"ltr\" role=\"presentation\">T 174<\/span><span dir=\"ltr\" role=\"presentation\">&#8211;<\/span><span dir=\"ltr\" role=\"presentation\">2.<\/span><\/span><span id=\"page3R_mcid9\" class=\"markedContent\"><\/span><\/p>\n<hr \/>\n<p><span class=\"markedContent\"><a href=\"http:\/\/mikanews.net\/wp-content\/uploads\/2022\/02\/42895.jpg\" rel=\"lightbox[11203]\"><img loading=\"lazy\" decoding=\"async\" class=\"aligncenter size-medium wp-image-11224\" src=\"http:\/\/mikanews.net\/wp-content\/uploads\/2022\/02\/42895-300x179.jpg\" alt=\"\" width=\"300\" height=\"179\" srcset=\"http:\/\/mikanews.net\/wp-content\/uploads\/2022\/02\/42895-300x179.jpg 300w, http:\/\/mikanews.net\/wp-content\/uploads\/2022\/02\/42895-768x457.jpg 768w, http:\/\/mikanews.net\/wp-content\/uploads\/2022\/02\/42895.jpg 850w\" sizes=\"auto, (max-width: 300px) 100vw, 300px\" \/><\/a><\/span><\/p>\n<hr \/>\n<p><span id=\"page3R_mcid10\" class=\"markedContent\"><strong><span dir=\"ltr\" role=\"presentation\">42963 Cadillac Limousine \u00bb<\/span><span dir=\"ltr\" role=\"presentation\">Big Daddy<\/span><span dir=\"ltr\" role=\"presentation\">\u00ab<\/span> <span dir=\"ltr\" role=\"presentation\">\u20ac 15<\/span><span dir=\"ltr\" role=\"presentation\">,99<\/span><\/strong><\/span><span id=\"page3R_mcid11\" class=\"markedContent\"><br role=\"presentation\" \/><span dir=\"ltr\" role=\"presentation\">Mit diesem Schlitten kann \u00bb<\/span><span dir=\"ltr\" role=\"presentation\">Big Daddy<\/span><span dir=\"ltr\" role=\"presentation\">\u00ab einen auf dicke Hose machen<\/span><span dir=\"ltr\" role=\"presentation\">.<\/span> <span dir=\"ltr\" role=\"presentation\">Die Stierh\u00f6rner<\/span> <span dir=\"ltr\" role=\"presentation\">auf der<\/span> <span dir=\"ltr\" role=\"presentation\">K\u00fchlerhaube<\/span> <span dir=\"ltr\" role=\"presentation\">stammen<\/span> <span dir=\"ltr\" role=\"presentation\">bestimmt<\/span> <span dir=\"ltr\" role=\"presentation\">von<\/span> <span dir=\"ltr\" role=\"presentation\">einem<\/span> <span dir=\"ltr\" role=\"presentation\">der<\/span> <span dir=\"ltr\" role=\"presentation\">10<\/span><span dir=\"ltr\" role=\"presentation\">.<\/span><span dir=\"ltr\" role=\"presentation\">000 Rinder seiner<\/span> <span dir=\"ltr\" role=\"presentation\">gro\u00dfen<\/span> <span dir=\"ltr\" role=\"presentation\">Ranch.<\/span><\/span><span id=\"page3R_mcid12\" class=\"markedContent\"><\/span><\/p>\n<hr \/>\n<p><span class=\"markedContent\"><a href=\"http:\/\/mikanews.net\/wp-content\/uploads\/2022\/02\/42963.jpg\" rel=\"lightbox[11203]\"><img loading=\"lazy\" decoding=\"async\" class=\"aligncenter size-medium wp-image-11225\" src=\"http:\/\/mikanews.net\/wp-content\/uploads\/2022\/02\/42963-300x117.jpg\" alt=\"\" width=\"300\" height=\"117\" srcset=\"http:\/\/mikanews.net\/wp-content\/uploads\/2022\/02\/42963-300x117.jpg 300w, http:\/\/mikanews.net\/wp-content\/uploads\/2022\/02\/42963-768x299.jpg 768w, http:\/\/mikanews.net\/wp-content\/uploads\/2022\/02\/42963.jpg 850w\" sizes=\"auto, (max-width: 300px) 100vw, 300px\" \/><\/a><\/span><\/p>\n<hr \/>\n<p><span id=\"page3R_mcid13\" class=\"markedContent\"><strong><span dir=\"ltr\" role=\"presentation\">42964<\/span> <span dir=\"ltr\" role=\"presentation\">Cadillac Limousine \u00bb<\/span><span dir=\"ltr\" role=\"presentation\">Crazy Cars<\/span><span dir=\"ltr\" role=\"presentation\">\u00ab<\/span> <span dir=\"ltr\" role=\"presentation\">\u20ac 14<\/span><span dir=\"ltr\" role=\"presentation\">,99<\/span><\/strong><\/span><span id=\"page3R_mcid14\" class=\"markedContent\"><br role=\"presentation\" \/><span dir=\"ltr\" role=\"presentation\">Tj<\/span><span dir=\"ltr\" role=\"presentation\">a<\/span><span dir=\"ltr\" role=\"presentation\">,<\/span> <span dir=\"ltr\" role=\"presentation\">selbst so ein Oberkla<\/span><span dir=\"ltr\" role=\"presentation\">sse<\/span><span dir=\"ltr\" role=\"presentation\">&#8211;<\/span><span dir=\"ltr\" role=\"presentation\">Caddy bleibt von der C<\/span><span dir=\"ltr\" role=\"presentation\">ustomized Szene nicht verschont<\/span><span dir=\"ltr\" role=\"presentation\">.<\/span> <span dir=\"ltr\" role=\"presentation\">Ob er auch s<\/span><span dir=\"ltr\" role=\"presentation\">o<\/span> <span dir=\"ltr\" role=\"presentation\">schnell f\u00e4hrt wie er aussieht<\/span><span dir=\"ltr\" role=\"presentation\">? Auf jeden F<\/span><span dir=\"ltr\" role=\"presentation\">all machen die Flammen was her!<\/span><\/span><span id=\"page3R_mcid15\" class=\"markedContent\"><\/span><\/p>\n<hr \/>\n<p><span class=\"markedContent\"><a href=\"http:\/\/mikanews.net\/wp-content\/uploads\/2022\/02\/42964.jpg\" rel=\"lightbox[11203]\"><img loading=\"lazy\" decoding=\"async\" class=\"aligncenter size-medium wp-image-11226\" src=\"http:\/\/mikanews.net\/wp-content\/uploads\/2022\/02\/42964-300x117.jpg\" alt=\"\" width=\"300\" height=\"117\" srcset=\"http:\/\/mikanews.net\/wp-content\/uploads\/2022\/02\/42964-300x117.jpg 300w, http:\/\/mikanews.net\/wp-content\/uploads\/2022\/02\/42964-768x299.jpg 768w, http:\/\/mikanews.net\/wp-content\/uploads\/2022\/02\/42964.jpg 850w\" sizes=\"auto, (max-width: 300px) 100vw, 300px\" \/><\/a><\/span><\/p>\n<hr \/>\n<p><span id=\"page3R_mcid16\" class=\"markedContent\"><strong><span dir=\"ltr\" role=\"presentation\">43670 M<\/span><span dir=\"ltr\" role=\"presentation\">ercedes<\/span><span dir=\"ltr\" role=\"presentation\">&#8211;<\/span><span dir=\"ltr\" role=\"presentation\">Benz C<\/span><span dir=\"ltr\" role=\"presentation\">&#8211;<\/span><span dir=\"ltr\" role=\"presentation\">Klasse T<\/span><span dir=\"ltr\" role=\"presentation\">&#8211;<\/span><span dir=\"ltr\" role=\"presentation\">Modell<\/span> <span dir=\"ltr\" role=\"presentation\">Avantgarde, Feuerwehr Frankfurt<\/span> <span dir=\"ltr\" role=\"presentation\">\u20ac 23,4<\/span><span dir=\"ltr\" role=\"presentation\">9<\/span><\/strong><\/span><span id=\"page3R_mcid17\" class=\"markedContent\"><br role=\"presentation\" \/><span dir=\"ltr\" role=\"presentation\">Wei\u00dfes Einsatzfahrzeug mit roter Bedruckung und silbernen Reflektoren im typisch gro\u00dfen<\/span> <span dir=\"ltr\" role=\"presentation\">und<\/span> <span dir=\"ltr\" role=\"presentation\">schr\u00e4g<\/span> <span dir=\"ltr\" role=\"presentation\">gelegten Karodesign der Frankfurter Feuerwehr.<\/span><\/span><span id=\"page3R_mcid18\" class=\"markedContent\"><\/span><\/p>\n<hr \/>\n<p><span class=\"markedContent\"><a href=\"http:\/\/mikanews.net\/wp-content\/uploads\/2022\/02\/43670.jpg\" rel=\"lightbox[11203]\"><img loading=\"lazy\" decoding=\"async\" class=\"aligncenter size-medium wp-image-11227\" src=\"http:\/\/mikanews.net\/wp-content\/uploads\/2022\/02\/43670-300x147.jpg\" alt=\"\" width=\"300\" height=\"147\" srcset=\"http:\/\/mikanews.net\/wp-content\/uploads\/2022\/02\/43670-300x147.jpg 300w, http:\/\/mikanews.net\/wp-content\/uploads\/2022\/02\/43670-768x376.jpg 768w, http:\/\/mikanews.net\/wp-content\/uploads\/2022\/02\/43670.jpg 850w\" sizes=\"auto, (max-width: 300px) 100vw, 300px\" \/><\/a><\/span><\/p>\n<hr \/>\n<p><span id=\"page3R_mcid19\" class=\"markedContent\"><strong><span dir=\"ltr\" role=\"presentation\">44008 Fargo Power Wagon<\/span> <span dir=\"ltr\" role=\"presentation\">\u20ac 1<\/span><span dir=\"ltr\" role=\"presentation\">5<\/span><span dir=\"ltr\" role=\"presentation\">,99<\/span><\/strong><\/span><span id=\"page3R_mcid20\" class=\"markedContent\"><br role=\"presentation\" \/><span dir=\"ltr\" role=\"presentation\">Fargo Power Wagon (Fargo = Kooperation f\u00fcr Nutzfahrzeuge zwischen Walter Chrysler und Joe N.<\/span> <span dir=\"ltr\" role=\"presentation\">Fields) mit speziellen \u00bbSchienenr\u00e4dern\u00ab. Das Modell kann auf Modellgleise gestellt werden. Auf der<\/span> <span dir=\"ltr\" role=\"presentation\">Ladefl\u00e4che sind Sitzb\u00e4nke angebracht, dazwischen sind die R<\/span><span dir=\"ltr\" role=\"presentation\">\u00e4der des Modells.<\/span><\/span><span id=\"page3R_mcid21\" class=\"markedContent\"><\/span><\/p>\n<hr \/>\n<p><span class=\"markedContent\"><a href=\"http:\/\/mikanews.net\/wp-content\/uploads\/2022\/02\/44008.jpg\" rel=\"lightbox[11203]\"><img loading=\"lazy\" decoding=\"async\" class=\"aligncenter size-medium wp-image-11228\" src=\"http:\/\/mikanews.net\/wp-content\/uploads\/2022\/02\/44008-300x131.jpg\" alt=\"\" width=\"300\" height=\"131\" srcset=\"http:\/\/mikanews.net\/wp-content\/uploads\/2022\/02\/44008-300x131.jpg 300w, http:\/\/mikanews.net\/wp-content\/uploads\/2022\/02\/44008-768x336.jpg 768w, http:\/\/mikanews.net\/wp-content\/uploads\/2022\/02\/44008.jpg 850w\" sizes=\"auto, (max-width: 300px) 100vw, 300px\" \/><\/a><\/span><\/p>\n<hr \/>\n<p><span id=\"page3R_mcid22\" class=\"markedContent\"><strong><span dir=\"ltr\" role=\"presentation\">45019 Chevrolet Bel Air<\/span> <span dir=\"ltr\" role=\"presentation\"> \u0301<\/span><span dir=\"ltr\" role=\"presentation\">57<\/span> <span dir=\"ltr\" role=\"presentation\">Los Angeles<\/span> <span dir=\"ltr\" role=\"presentation\">Police<\/span> <span dir=\"ltr\" role=\"presentation\">\u20ac 18<\/span><span dir=\"ltr\" role=\"presentation\">,99<\/span><\/strong><\/span><span id=\"page3R_mcid23\" class=\"markedContent\"><br role=\"presentation\" \/><span dir=\"ltr\" role=\"presentation\">Wer<\/span> <span dir=\"ltr\" role=\"presentation\">m\u00f6chte<\/span> <span dir=\"ltr\" role=\"presentation\">da nicht gern Polizist sein, in den<\/span> <span dir=\"ltr\" role=\"presentation\">19<\/span><span dir=\"ltr\" role=\"presentation\">50er<\/span><span dir=\"ltr\" role=\"presentation\">n<\/span><span dir=\"ltr\" role=\"presentation\">, in Los Angeles und<\/span> <span dir=\"ltr\" role=\"presentation\">seinen Dienst<\/span> <span dir=\"ltr\" role=\"presentation\">in<\/span> <span dir=\"ltr\" role=\"presentation\">so<\/span> <span dir=\"ltr\" role=\"presentation\">einem<\/span> <span dir=\"ltr\" role=\"presentation\">schmucken<\/span> <span dir=\"ltr\" role=\"presentation\">Chevy Bel Air<\/span> <span dir=\"ltr\" role=\"presentation\">aus\u00fcben<\/span><span dir=\"ltr\" role=\"presentation\">?<\/span> <span dir=\"ltr\" role=\"presentation\">Leider gibt es keine Zeitmaschine&#8230;<\/span><\/span><span id=\"page3R_mcid24\" class=\"markedContent\"><\/span><\/p>\n<hr \/>\n<p><span class=\"markedContent\"><a href=\"http:\/\/mikanews.net\/wp-content\/uploads\/2022\/02\/45019.jpg\" rel=\"lightbox[11203]\"><img loading=\"lazy\" decoding=\"async\" class=\"aligncenter size-medium wp-image-11229\" src=\"http:\/\/mikanews.net\/wp-content\/uploads\/2022\/02\/45019-300x120.jpg\" alt=\"\" width=\"300\" height=\"120\" srcset=\"http:\/\/mikanews.net\/wp-content\/uploads\/2022\/02\/45019-300x120.jpg 300w, http:\/\/mikanews.net\/wp-content\/uploads\/2022\/02\/45019-768x306.jpg 768w, http:\/\/mikanews.net\/wp-content\/uploads\/2022\/02\/45019.jpg 850w\" sizes=\"auto, (max-width: 300px) 100vw, 300px\" \/><\/a><\/span><\/p>\n<hr \/>\n<p><strong><span id=\"page3R_mcid25\" class=\"markedContent\"><span dir=\"ltr\" role=\"presentation\">MG Midget TC<\/span><\/span><\/strong><span id=\"page3R_mcid26\" class=\"markedContent\"><br role=\"presentation\" \/><span dir=\"ltr\" role=\"presentation\">Als MG \u00bbMorris Garages\u00ab wurde das Unternehmen 1923 durch Cecil Kimber in Oxford (England)<\/span> <span dir=\"ltr\" role=\"presentation\">gegr\u00fcndet. Ab 1928 wurde erstmals ein einfacher, zweisitziger Sportwagen mit dem Namen Midget<\/span> <span dir=\"ltr\" role=\"presentation\">(Zwerg) gebaut. Er w<\/span><span dir=\"ltr\" role=\"presentation\">ar das erste erfolgreiche Baumuster der Marke, denn der auf dem Morris Minor<\/span> <span dir=\"ltr\" role=\"presentation\">basierende Sportwagen war nicht nur preisg\u00fcnstig, sondern er bot auch eine sehr gute Fahrleistung.<\/span> <span dir=\"ltr\" role=\"presentation\">Nach dem Zweiten Weltkrieg erschien im November 1945 der<\/span> <span dir=\"ltr\" role=\"presentation\">MG<\/span> <span dir=\"ltr\" role=\"presentation\">TC<\/span> <span dir=\"ltr\" role=\"presentation\">&#8211;<\/span> <span dir=\"ltr\" role=\"presentation\">er sah dem Vor<\/span><span dir=\"ltr\" role=\"presentation\">kriegsmodell<\/span> <span dir=\"ltr\" role=\"presentation\">sehr \u00e4hnlich und besa\u00df auch den fast identischen Motor. Durch eine kleine \u00c4nderung der Kompression<\/span> <span dir=\"ltr\" role=\"presentation\">auf 7,4:1 erh\u00f6hte sich die Motorleistung geringf\u00fcgig vo<\/span><span dir=\"ltr\" role=\"presentation\">n 54 bhp (39,7 kW) bei 5200\/min<\/span> <span dir=\"ltr\" role=\"presentation\">auf 54,5 bhp<\/span> <span dir=\"ltr\" role=\"presentation\">(40kW) bei 5200\/min. Auch das Interieur erhi<\/span><span dir=\"ltr\" role=\"presentation\">elt eine modernere Ausstattung und einen breiteren<\/span> <span dir=\"ltr\" role=\"presentation\">Innenraum. Mit dem TC begann nun die dritte T<\/span><span dir=\"ltr\" role=\"presentation\">&#8211;<\/span><span dir=\"ltr\" role=\"presentation\">Serie des markanten Zweisitzers. Von der<\/span> <span dir=\"ltr\" role=\"presentation\">rechtsgelenkten Exportversion der USA mit kleineren \u00bbSealed Beam\u00ab<\/span><span dir=\"ltr\" role=\"presentation\">&#8211;<\/span><span dir=\"ltr\" role=\"presentation\">Scheinwerfern und gr\u00f6\u00dferen<\/span> <span dir=\"ltr\" role=\"presentation\">doppelten R\u00fccklichtern so<\/span><span dir=\"ltr\" role=\"presentation\">wie einer Blinkanlage und verchromten Sto\u00dff\u00e4ngern an Front und Heck<\/span> <span dir=\"ltr\" role=\"presentation\">wurden \u00fcber 10.000 Fahrzeuge gefertigt, eine recht stattliche Verkaufsmenge f\u00fcr MG<\/span><span dir=\"ltr\" role=\"presentation\">&#8211;<\/span><span dir=\"ltr\" role=\"presentation\">Verh\u00e4ltnisse.<\/span><\/span><\/p>\n<p><strong><span id=\"page20R_mcid0\" class=\"markedContent\"><span dir=\"ltr\" role=\"presentation\">45918 MG Midget TC, C<\/span><span dir=\"ltr\" role=\"presentation\">abrio mit Fahrerfigur<\/span> <span dir=\"ltr\" role=\"presentation\">\u20ac 19<\/span><span dir=\"ltr\" role=\"presentation\">,99<\/span><\/span><\/strong><span id=\"page20R_mcid1\" class=\"markedContent\"><br role=\"presentation\" \/><span dir=\"ltr\" role=\"presentation\">In Gro\u00dfbritannien musste man 1947<\/span> <span dir=\"ltr\" role=\"presentation\">rund \u00a3 527 auf den Tisch legen, um ein solches Schmuckst\u00fcck sein<\/span> <span dir=\"ltr\" role=\"presentation\">Eigen zu nennen. Wie erschwinglich ist doch dagegen die Miniatur d<\/span><span dir=\"ltr\" role=\"presentation\">ies<\/span><span dir=\"ltr\" role=\"presentation\">es edlen Oldtimers. Mit feinsten<\/span> <span dir=\"ltr\" role=\"presentation\">Bedruckungen und viel verchromtem Zierrat in der schicken Zweifarbenlackierung startet d<\/span><span dir=\"ltr\" role=\"presentation\">er stolze<\/span> <span dir=\"ltr\" role=\"presentation\">Besitzer f\u00fcr eine Spritztour ins Gr\u00fcne. L\u00e4ssig liegt der Arm auf der Wagent\u00fcr und die andere umgreift<\/span> <span dir=\"ltr\" role=\"presentation\">das Lenkrad.<\/span><\/span><span id=\"page20R_mcid2\" class=\"markedContent\"><\/span><\/p>\n<hr \/>\n<p><span class=\"markedContent\"><a href=\"http:\/\/mikanews.net\/wp-content\/uploads\/2022\/02\/45918.jpg\" rel=\"lightbox[11203]\"><img loading=\"lazy\" decoding=\"async\" class=\"aligncenter size-medium wp-image-11230\" src=\"http:\/\/mikanews.net\/wp-content\/uploads\/2022\/02\/45918-300x145.jpg\" alt=\"\" width=\"300\" height=\"145\" srcset=\"http:\/\/mikanews.net\/wp-content\/uploads\/2022\/02\/45918-300x145.jpg 300w, http:\/\/mikanews.net\/wp-content\/uploads\/2022\/02\/45918-768x372.jpg 768w, http:\/\/mikanews.net\/wp-content\/uploads\/2022\/02\/45918.jpg 850w\" sizes=\"auto, (max-width: 300px) 100vw, 300px\" \/><\/a><\/span><\/p>\n<hr \/>\n<p><strong><span id=\"page20R_mcid3\" class=\"markedContent\"><span dir=\"ltr\" role=\"presentation\">Citro\u00ebn DS<\/span><\/span><\/strong><span id=\"page20R_mcid4\" class=\"markedContent\"><br role=\"presentation\" \/><span dir=\"ltr\" role=\"presentation\">\u00bbLa belle du jour\u00ab.<\/span><\/span><span id=\"page20R_mcid5\" class=\"markedContent\"> <span dir=\"ltr\" role=\"presentation\">Selbst 60 Jahre nach Vorstellung auf dem Pariser Autosalon wirken Form und<\/span> <span dir=\"ltr\" role=\"presentation\">Technik<\/span> <span dir=\"ltr\" role=\"presentation\">des DS19, auch \u00bbG\u00f6ttin\u00ab genannt, noch genauso futuristisch wie einst. So hat man auch heute<\/span> <span dir=\"ltr\" role=\"presentation\">noch seine Freude daran, \u00bbg\u00f6ttlich dahinzuschweben\u00ab. R\u00fcckblick: 1919 wurde der Automobilhersteller<\/span> <span dir=\"ltr\" role=\"presentation\">Citro\u00ebn in Paris gegr\u00fcndet. Der Firmengr\u00fcnder Andr\u00e9 Citro\u00ebn (geb<\/span><span dir=\"ltr\" role=\"presentation\">. 1878) machte sich ziemlich schnell<\/span> <span dir=\"ltr\" role=\"presentation\">einen Ruf als abenteuerlustiger und innovativer Unternehmer. Leider machten sich die Folgen der<\/span> <span dir=\"ltr\" role=\"presentation\">Weltwirtschaftskrise und die kostspielige Entwicklung des 1934 vorgestellten Traction Avant schnell<\/span> <span dir=\"ltr\" role=\"presentation\">bemerkbar und f\u00fchrten l<\/span><span dir=\"ltr\" role=\"presentation\">etztendlich zum finanziellen Ruin des Unternehmens und dadurch zur<\/span> <span dir=\"ltr\" role=\"presentation\">\u00dcbernahme durch den Hauptgl\u00e4ubiger Michelin.<\/span><\/span><span id=\"page20R_mcid6\" class=\"markedContent\"><\/span><span id=\"page20R_mcid7\" class=\"markedContent\"><br role=\"presentation\" \/><span dir=\"ltr\" role=\"presentation\">Der Citro\u00ebn DS, Nachfolger des legend\u00e4ren Traction Avant, begann seine Laufbahn offiziell unter der<\/span> <span dir=\"ltr\" role=\"presentation\">Bezeichnung VGD (\u00bbVoiture de Grande Diffus<\/span><span dir=\"ltr\" role=\"presentation\">ion\u00ab, was etwa Massenmodell bedeutet). Nach einer sehr<\/span> <span dir=\"ltr\" role=\"presentation\">langen Entwicklungszeit, unter der Regie von Andr\u00e9 Lef\u00e8bvre und Flaminio Bertoni, wurde der Citro\u00ebn<\/span> <span dir=\"ltr\" role=\"presentation\">DS am 6. Oktober 1955 auf dem Pariser Autosalon vorgestellt. Der erste Auftritt war eine Sensation.<\/span> <span dir=\"ltr\" role=\"presentation\">A<\/span><span dir=\"ltr\" role=\"presentation\">ufgrund seiner Erscheinung bekam er schnell Beinamen wie \u00bbNilpferd\u00ab, \u00bbHaifischmaul\u00ab oder die<\/span> <span dir=\"ltr\" role=\"presentation\">heute noch verwendete und mit Sicherheit treffender formulierte Namensgebung \u00bbDie G\u00f6ttin\u00ab. Unter<\/span> <span dir=\"ltr\" role=\"presentation\">dieser ehrenvollen Bezeichnung ist das revolution\u00e4rste Modell von<\/span> <span dir=\"ltr\" role=\"presentation\">Citro\u00ebn auch heute noch bekannt.<\/span> <span dir=\"ltr\" role=\"presentation\">Als Meisterwerk der \u00c4sthetik und der Ingenieurskunst angek\u00fcndigt, hatte der DS ein so einmaliges<\/span> <span dir=\"ltr\" role=\"presentation\">Konzept, dass er die automobile Welt in ihren Grundfesten ersch\u00fctterte. Niemals zuvor in der<\/span> <span dir=\"ltr\" role=\"presentation\">Geschichte des Automobils vereini<\/span><span dir=\"ltr\" role=\"presentation\">gte ein einzelnes Modell so viele Neuerungen<\/span> <span dir=\"ltr\" role=\"presentation\">bez\u00fcglich Sicherheit,<\/span> <span dir=\"ltr\" role=\"presentation\">Leistung<\/span> <span dir=\"ltr\" role=\"presentation\">und Komfort. F\u00fcr einen bis dahin nicht bekannten Komfort sorgte die hydropneumatische<\/span> <span dir=\"ltr\" role=\"presentation\">Federung an allen vier R\u00e4dern und die damit verbundene Niveauregulierung, die die Bodenfreihei<\/span><span dir=\"ltr\" role=\"presentation\">t<\/span> <span dir=\"ltr\" role=\"presentation\">unabh\u00e4ngig von Stra\u00dfenverh\u00e4ltnissen und Belastung des Wagens gleich hielt.<\/span><\/span><span id=\"page20R_mcid8\" class=\"markedContent\"> <span dir=\"ltr\" role=\"presentation\">Die Scheibenbremsen vorne und hinten, die Schaltung, Kupplung und die servo<\/span><span dir=\"ltr\" role=\"presentation\">&#8211;<\/span><span dir=\"ltr\" role=\"presentation\">unterst\u00fctzte<\/span> <span dir=\"ltr\" role=\"presentation\">Zahnstangenlenkung des DS wurden von der Hydrauliktechnik unterst\u00fctzt. Mehr als 34 Meter<\/span> <span dir=\"ltr\" role=\"presentation\">Leitungen waren f\u00fcr das Hydrauliksystem, das sich der Geschwindigkeit anpasste, im Fahrzeug verlegt.<\/span> <span dir=\"ltr\" role=\"presentation\">Doch neben all den technischen Verbesserungen sorgte vor allem das futuristische Design des DS f\u00fcr<\/span> <span dir=\"ltr\" role=\"presentation\">Aufsehen, das dank seiner Stromlinienform f\u00fcr damalige V<\/span><span dir=\"ltr\" role=\"presentation\">erh\u00e4ltnisse f\u00fcr eine ausgezeichnete<\/span> <span dir=\"ltr\" role=\"presentation\">Wirtschaftlichkeit sorgte.<\/span><\/span><span id=\"page20R_mcid9\" class=\"markedContent\"><\/span><span id=\"page20R_mcid10\" class=\"markedContent\"> <span dir=\"ltr\" role=\"presentation\">Wegen oder trotz seiner Fortschrittlichkeit war der DS von gro\u00dfem Erfolg gekr\u00f6nt. Allein in den ersten<\/span> <span dir=\"ltr\" role=\"presentation\">45 Minuten des Pariser Salons wurden 749 Exemplare bestellt, bis zum Ende des ersten Tage<\/span><span dir=\"ltr\" role=\"presentation\">s 12.000.<\/span> <span dir=\"ltr\" role=\"presentation\">Nach einer Woche lag die Anzahl der Bestellungen bei 80.000 St\u00fcck. Bis zum Ende der Produktionszeit<\/span><br role=\"presentation\" \/><span dir=\"ltr\" role=\"presentation\">wurden insgesamt 1,5 Millionen DS verkauft. Das 1:87er Modell dieser \u00bbG\u00f6ttin\u00ab mit eingesetzten und<\/span> <span dir=\"ltr\" role=\"presentation\">verchromten Scheinwerfern hat sogar eine richti<\/span><span dir=\"ltr\" role=\"presentation\">g funktionierende Nachbildung der \u00bbHydropneumatik\u00ab,<\/span> <span dir=\"ltr\" role=\"presentation\">die \u00fcber einen Hebemechanismus an der Fahrzeugunterseite bet\u00e4tigt werden kann.<\/span><\/span><span id=\"page20R_mcid11\" class=\"markedContent\"><\/span><\/p>\n<p><strong><span id=\"page20R_mcid11\" class=\"markedContent\"><span dir=\"ltr\" role=\"presentation\">Buschs Citroen DS in 3 neuen origina<\/span><span dir=\"ltr\" role=\"presentation\">len Farben der zeitlosen G\u00f6ttin:<\/span><\/span><span id=\"page20R_mcid12\" class=\"markedContent\"><\/span><\/strong><span id=\"page20R_mcid13\" class=\"markedContent\"><br role=\"presentation\" \/><strong><span dir=\"ltr\" role=\"presentation\">48021 Citro\u00ebn DS<\/span> <span dir=\"ltr\" role=\"presentation\">19<\/span><span dir=\"ltr\" role=\"presentation\">,<\/span> <span dir=\"ltr\" role=\"presentation\">rot\/schwarz<\/span> <span dir=\"ltr\" role=\"presentation\">\u20ac 17<\/span><span dir=\"ltr\" role=\"presentation\">,99<\/span><\/strong><\/span><\/p>\n<hr \/>\n<p><span class=\"markedContent\"><a href=\"http:\/\/mikanews.net\/wp-content\/uploads\/2022\/02\/48021.jpg\" rel=\"lightbox[11203]\"><img loading=\"lazy\" decoding=\"async\" class=\"aligncenter size-medium wp-image-11231\" src=\"http:\/\/mikanews.net\/wp-content\/uploads\/2022\/02\/48021-300x134.jpg\" alt=\"\" width=\"300\" height=\"134\" srcset=\"http:\/\/mikanews.net\/wp-content\/uploads\/2022\/02\/48021-300x134.jpg 300w, http:\/\/mikanews.net\/wp-content\/uploads\/2022\/02\/48021-768x343.jpg 768w, http:\/\/mikanews.net\/wp-content\/uploads\/2022\/02\/48021.jpg 850w\" sizes=\"auto, (max-width: 300px) 100vw, 300px\" \/><\/a><\/span><\/p>\n<hr \/>\n<p><strong><span id=\"page20R_mcid14\" class=\"markedContent\"><span dir=\"ltr\" role=\"presentation\">48025 C<\/span><span dir=\"ltr\" role=\"presentation\">itro\u00ebn DS<\/span> <span dir=\"ltr\" role=\"presentation\">19<\/span><span dir=\"ltr\" role=\"presentation\">,<\/span> <span dir=\"ltr\" role=\"presentation\">b<\/span><span dir=\"ltr\" role=\"presentation\">lau<\/span><span dir=\"ltr\" role=\"presentation\">\/wei\u00df<\/span> <span dir=\"ltr\" role=\"presentation\">\u20ac 17<\/span><span dir=\"ltr\" role=\"presentation\">,99<\/span><\/span><\/strong><\/p>\n<hr \/>\n<p><span class=\"markedContent\"><a href=\"http:\/\/mikanews.net\/wp-content\/uploads\/2022\/02\/48025.jpg\" rel=\"lightbox[11203]\"><img loading=\"lazy\" decoding=\"async\" class=\"aligncenter size-medium wp-image-11232\" src=\"http:\/\/mikanews.net\/wp-content\/uploads\/2022\/02\/48025-300x131.jpg\" alt=\"\" width=\"300\" height=\"131\" srcset=\"http:\/\/mikanews.net\/wp-content\/uploads\/2022\/02\/48025-300x131.jpg 300w, http:\/\/mikanews.net\/wp-content\/uploads\/2022\/02\/48025-768x336.jpg 768w, http:\/\/mikanews.net\/wp-content\/uploads\/2022\/02\/48025.jpg 850w\" sizes=\"auto, (max-width: 300px) 100vw, 300px\" \/><\/a><\/span><\/p>\n<hr \/>\n<p><strong><span id=\"page20R_mcid15\" class=\"markedContent\"><span dir=\"ltr\" role=\"presentation\">48029 Citro\u00ebn DS<\/span> <span dir=\"ltr\" role=\"presentation\">19<\/span><span dir=\"ltr\" role=\"presentation\">,<\/span> <span dir=\"ltr\" role=\"presentation\">gr\u00fcn<\/span> <span dir=\"ltr\" role=\"presentation\">\u20ac 16<\/span><span dir=\"ltr\" role=\"presentation\">,99<\/span><\/span><\/strong><span id=\"page20R_mcid16\" class=\"markedContent\"><\/span><\/p>\n<hr \/>\n<p><span class=\"markedContent\"><a href=\"http:\/\/mikanews.net\/wp-content\/uploads\/2022\/02\/48029.jpg\" rel=\"lightbox[11203]\"><img loading=\"lazy\" decoding=\"async\" class=\"aligncenter size-medium wp-image-11233\" src=\"http:\/\/mikanews.net\/wp-content\/uploads\/2022\/02\/48029-300x134.jpg\" alt=\"\" width=\"300\" height=\"134\" srcset=\"http:\/\/mikanews.net\/wp-content\/uploads\/2022\/02\/48029-300x134.jpg 300w, http:\/\/mikanews.net\/wp-content\/uploads\/2022\/02\/48029-768x344.jpg 768w, http:\/\/mikanews.net\/wp-content\/uploads\/2022\/02\/48029.jpg 850w\" sizes=\"auto, (max-width: 300px) 100vw, 300px\" \/><\/a><\/span><\/p>\n<hr \/>\n<p><strong><span id=\"page20R_mcid17\" class=\"markedContent\"><span dir=\"ltr\" role=\"presentation\">48241 Chevrolet Pick<\/span><span dir=\"ltr\" role=\"presentation\">&#8211;<\/span><span dir=\"ltr\" role=\"presentation\">u<\/span><span dir=\"ltr\" role=\"presentation\">p, Crazy Car, Haifisch<\/span> <span dir=\"ltr\" role=\"presentation\">\u20ac 19<\/span><span dir=\"ltr\" role=\"presentation\">,99<\/span><\/span><\/strong><\/p>\n<p><span id=\"page20R_mcid18\" class=\"markedContent\"><span dir=\"ltr\" role=\"presentation\">Oha, da<\/span> <span dir=\"ltr\" role=\"presentation\">hat sich<\/span> <span dir=\"ltr\" role=\"presentation\">wohl ein Hai<\/span> <span dir=\"ltr\" role=\"presentation\">i<\/span><span dir=\"ltr\" role=\"presentation\">m<\/span> <span dir=\"ltr\" role=\"presentation\">Pick<\/span><span dir=\"ltr\" role=\"presentation\">&#8211;<\/span><span dir=\"ltr\" role=\"presentation\">up<\/span> <span dir=\"ltr\" role=\"presentation\">fest<\/span><span dir=\"ltr\" role=\"presentation\">gefressen!<\/span> <span dir=\"ltr\" role=\"presentation\">Der Besitzer dieses<\/span> <span dir=\"ltr\" role=\"presentation\">Fahrzeugs<\/span> <span dir=\"ltr\" role=\"presentation\">ist m\u00e4<\/span><span dir=\"ltr\" role=\"presentation\">chtig stolz<\/span><\/span> <span id=\"page26R_mcid0\" class=\"markedContent\"><span dir=\"ltr\" role=\"presentation\">auf die wei\u00dfen, spitzen Haifischz\u00e4hne, die auf den beiden vorderen Kotfl\u00fcgeln des<\/span> <span dir=\"ltr\" role=\"presentation\">anthrazitgrauen<\/span> <span dir=\"ltr\" role=\"presentation\">Wagens sehr pr\u00e4zise aufgebracht<\/span> <span dir=\"ltr\" role=\"presentation\">sind<\/span> <span dir=\"ltr\" role=\"presentation\">&#8211;<\/span> <span dir=\"ltr\" role=\"presentation\">so wie<\/span> <span dir=\"ltr\" role=\"presentation\">\u00fcberhaupt der brilliante Druck<\/span> <span dir=\"ltr\" role=\"presentation\">und<\/span> <span dir=\"ltr\" role=\"presentation\">viele weitere<\/span> <span dir=\"ltr\" role=\"presentation\">Details<\/span> <span dir=\"ltr\" role=\"presentation\">an diesem ganz besonderen<\/span> <span dir=\"ltr\" role=\"presentation\">Sammlerst\u00fcck<\/span> <span dir=\"ltr\" role=\"presentation\">\u00fcber<\/span><span dir=\"ltr\" role=\"presentation\">zeugen<\/span><span dir=\"ltr\" role=\"presentation\">!<\/span><\/span><span id=\"page26R_mcid1\" class=\"markedContent\"><\/span><span id=\"page26R_mcid2\" class=\"markedContent\"><\/span><\/p>\n<hr \/>\n<p><span class=\"markedContent\"><a href=\"http:\/\/mikanews.net\/wp-content\/uploads\/2022\/02\/48241.jpg\" rel=\"lightbox[11203]\"><img loading=\"lazy\" decoding=\"async\" class=\"aligncenter size-medium wp-image-11234\" src=\"http:\/\/mikanews.net\/wp-content\/uploads\/2022\/02\/48241-300x128.jpg\" alt=\"\" width=\"300\" height=\"128\" srcset=\"http:\/\/mikanews.net\/wp-content\/uploads\/2022\/02\/48241-300x128.jpg 300w, http:\/\/mikanews.net\/wp-content\/uploads\/2022\/02\/48241-768x329.jpg 768w, http:\/\/mikanews.net\/wp-content\/uploads\/2022\/02\/48241.jpg 850w\" sizes=\"auto, (max-width: 300px) 100vw, 300px\" \/><\/a><\/span><\/p>\n<hr \/>\n<p><span id=\"page20R_mcid18\" class=\"markedContent\"><\/span><strong><span id=\"page26R_mcid2\" class=\"markedContent\"><span dir=\"ltr\" role=\"presentation\">48242 Chevrolet Pick<\/span><span dir=\"ltr\" role=\"presentation\">&#8211;<\/span><span dir=\"ltr\" role=\"presentation\">up mit Oldtimer<\/span><span dir=\"ltr\" role=\"presentation\">&#8211;<\/span><span dir=\"ltr\" role=\"presentation\">Bike<\/span> <span dir=\"ltr\" role=\"presentation\">\u20ac 24<\/span><span dir=\"ltr\" role=\"presentation\">,99<\/span><\/span><\/strong><span id=\"page26R_mcid3\" class=\"markedContent\"><br role=\"presentation\" \/><span dir=\"ltr\" role=\"presentation\">Das hat Klasse! Dieser h<\/span><span dir=\"ltr\" role=\"presentation\">istorische<\/span><span dir=\"ltr\" role=\"presentation\">,<\/span> <span dir=\"ltr\" role=\"presentation\">wundersch\u00f6ne<\/span> <span dir=\"ltr\" role=\"presentation\">Pick<\/span><span dir=\"ltr\" role=\"presentation\">&#8211;<\/span><span dir=\"ltr\" role=\"presentation\">up im Metallic<\/span><span dir=\"ltr\" role=\"presentation\">&#8211;<\/span><span dir=\"ltr\" role=\"presentation\">L<\/span><span dir=\"ltr\" role=\"presentation\">ook mit superfeinen<\/span> <span dir=\"ltr\" role=\"presentation\">Aufdrucken<\/span> <span dir=\"ltr\" role=\"presentation\">transportiert<\/span> <span dir=\"ltr\" role=\"presentation\">auf der Ladefl\u00e4che einen weiteren Oldtimer.<\/span> <span dir=\"ltr\" role=\"presentation\">Das<\/span> <span dir=\"ltr\" role=\"presentation\">alte<\/span> <span dir=\"ltr\" role=\"presentation\">Motorrad<\/span> <span dir=\"ltr\" role=\"presentation\">wurde eigens<\/span><br role=\"presentation\" \/><span dir=\"ltr\" role=\"presentation\">f\u00fcr dieses Modell<\/span> <span dir=\"ltr\" role=\"presentation\">mit einem<\/span> <span dir=\"ltr\" role=\"presentation\">\u00bbused look\u00ab<\/span> <span dir=\"ltr\" role=\"presentation\">versehen<\/span><span dir=\"ltr\" role=\"presentation\">. Ein perfektes Doppel, das in keiner Sammlung<\/span> <span dir=\"ltr\" role=\"presentation\">fehlen darf!<\/span><\/span><span id=\"page26R_mcid4\" class=\"markedContent\"><\/span><\/p>\n<hr \/>\n<p><span class=\"markedContent\"><a href=\"http:\/\/mikanews.net\/wp-content\/uploads\/2022\/02\/48242.jpg\" rel=\"lightbox[11203]\"><img loading=\"lazy\" decoding=\"async\" class=\"aligncenter size-medium wp-image-11235\" src=\"http:\/\/mikanews.net\/wp-content\/uploads\/2022\/02\/48242-300x151.jpg\" alt=\"\" width=\"300\" height=\"151\" srcset=\"http:\/\/mikanews.net\/wp-content\/uploads\/2022\/02\/48242-300x151.jpg 300w, http:\/\/mikanews.net\/wp-content\/uploads\/2022\/02\/48242-768x386.jpg 768w, http:\/\/mikanews.net\/wp-content\/uploads\/2022\/02\/48242.jpg 850w\" sizes=\"auto, (max-width: 300px) 100vw, 300px\" \/><\/a><\/span><\/p>\n<hr \/>\n<p><span id=\"page26R_mcid5\" class=\"markedContent\"><strong><span dir=\"ltr\" role=\"presentation\">48732 Fiat 500<\/span> <span dir=\"ltr\" role=\"presentation\">US<\/span> <span dir=\"ltr\" role=\"presentation\">Taxi<\/span> <span dir=\"ltr\" role=\"presentation\">\u20ac 15<\/span><span dir=\"ltr\" role=\"presentation\">,99<\/span><\/strong><\/span><span id=\"page26R_mcid6\" class=\"markedContent\"><br role=\"presentation\" \/><span dir=\"ltr\" role=\"presentation\">Eigentlich ein Witz<\/span><span dir=\"ltr\" role=\"presentation\">, so ein kleines Auto<\/span> <span dir=\"ltr\" role=\"presentation\">in<\/span> <span dir=\"ltr\" role=\"presentation\">ein<\/span><span dir=\"ltr\" role=\"presentation\">em Land<\/span><span dir=\"ltr\" role=\"presentation\">,<\/span> <span dir=\"ltr\" role=\"presentation\">w<\/span><span dir=\"ltr\" role=\"presentation\">o alles eine Nummer gr\u00f6\u00dfer ist! A<\/span><span dir=\"ltr\" role=\"presentation\">ber in New<\/span> <span dir=\"ltr\" role=\"presentation\">York gibt es tats\u00e4chlich den Fiat 500 und dann<\/span> <span dir=\"ltr\" role=\"presentation\">auch<\/span> <span dir=\"ltr\" role=\"presentation\">noch als Yellow Cab. Da mu<\/span><span dir=\"ltr\" role=\"presentation\">ss<\/span> <span dir=\"ltr\" role=\"presentation\">der<\/span> <span dir=\"ltr\" role=\"presentation\">New Yorker<\/span> <span dir=\"ltr\" role=\"presentation\">seinen Kopf<\/span> <span dir=\"ltr\" role=\"presentation\">mal<\/span> <span dir=\"ltr\" role=\"presentation\">ein bisschen einziehen<\/span><span dir=\"ltr\" role=\"presentation\">!<\/span><\/span><span id=\"page26R_mcid7\" class=\"markedContent\"><\/span><\/p>\n<hr \/>\n<p><span class=\"markedContent\"><a href=\"http:\/\/mikanews.net\/wp-content\/uploads\/2022\/02\/48732.jpg\" rel=\"lightbox[11203]\"><img loading=\"lazy\" decoding=\"async\" class=\"aligncenter size-medium wp-image-11236\" src=\"http:\/\/mikanews.net\/wp-content\/uploads\/2022\/02\/48732-300x168.jpg\" alt=\"\" width=\"300\" height=\"168\" srcset=\"http:\/\/mikanews.net\/wp-content\/uploads\/2022\/02\/48732-300x168.jpg 300w, http:\/\/mikanews.net\/wp-content\/uploads\/2022\/02\/48732-768x429.jpg 768w, http:\/\/mikanews.net\/wp-content\/uploads\/2022\/02\/48732.jpg 850w\" sizes=\"auto, (max-width: 300px) 100vw, 300px\" \/><\/a><\/span><\/p>\n<hr \/>\n<p><span id=\"page26R_mcid8\" class=\"markedContent\"><strong><span dir=\"ltr\" role=\"presentation\">48733 Fiat 500 Pretty in Pink<\/span> <span dir=\"ltr\" role=\"presentation\">\u20ac 16<\/span><span dir=\"ltr\" role=\"presentation\">,99<\/span><\/strong><\/span><span id=\"page26R_mcid9\" class=\"markedContent\"><br role=\"presentation\" \/><span dir=\"ltr\" role=\"presentation\">Jeder wie er will<\/span> <span dir=\"ltr\" role=\"presentation\">und wenn es<\/span> <span dir=\"ltr\" role=\"presentation\">Pink ist! Hat ja auch was,<\/span> <span dir=\"ltr\" role=\"presentation\">diese kleine Knutschkugel in der auff\u00e4l<\/span><span dir=\"ltr\" role=\"presentation\">ligen<\/span> <span dir=\"ltr\" role=\"presentation\">Farbe. Blau und Rot kann jeder<\/span><span dir=\"ltr\" role=\"presentation\">!<\/span><\/span><span id=\"page26R_mcid10\" class=\"markedContent\"><\/span><\/p>\n<hr \/>\n<p><span class=\"markedContent\"><a href=\"http:\/\/mikanews.net\/wp-content\/uploads\/2022\/02\/48733.jpg\" rel=\"lightbox[11203]\"><img loading=\"lazy\" decoding=\"async\" class=\"aligncenter size-medium wp-image-11237\" src=\"http:\/\/mikanews.net\/wp-content\/uploads\/2022\/02\/48733-300x175.jpg\" alt=\"\" width=\"300\" height=\"175\" srcset=\"http:\/\/mikanews.net\/wp-content\/uploads\/2022\/02\/48733-300x175.jpg 300w, http:\/\/mikanews.net\/wp-content\/uploads\/2022\/02\/48733-768x448.jpg 768w, http:\/\/mikanews.net\/wp-content\/uploads\/2022\/02\/48733.jpg 850w\" sizes=\"auto, (max-width: 300px) 100vw, 300px\" \/><\/a><\/span><\/p>\n<hr \/>\n<p><span id=\"page26R_mcid11\" class=\"markedContent\"><strong><span dir=\"ltr\" role=\"presentation\">Lada 1500<\/span><\/strong><\/span><span id=\"page26R_mcid12\" class=\"markedContent\"><br role=\"presentation\" \/><span dir=\"ltr\" role=\"presentation\">Kaum zu glauben, aber der Lada 2103 wurde tats\u00e4chlich im Januar 1973 auf dem Auto<\/span><span dir=\"ltr\" role=\"presentation\">&#8211;<\/span><span dir=\"ltr\" role=\"presentation\">Salon von New<\/span> <span dir=\"ltr\" role=\"presentation\">York vorgestellt. Damit ist er der erste Lada<\/span><span dir=\"ltr\" role=\"presentation\">, der \u00fcber die \u00bbGrenzen\u00ab hinweg publiziert wurde. Die<\/span> <span dir=\"ltr\" role=\"presentation\">auffallendsten Unterschiede des nun gr\u00f6\u00dferen und h\u00f6heren Lada sin<\/span><span dir=\"ltr\" role=\"presentation\">d die im gl\u00e4nzenden<\/span> <span dir=\"ltr\" role=\"presentation\">Chromk\u00fchler<\/span><span dir=\"ltr\" role=\"presentation\">grill eingelassenen Doppelscheinwerfer. Die dritte Generation des im russischen Togliatti<\/span><br role=\"presentation\" \/><span dir=\"ltr\" role=\"presentation\">ans\u00e4ssigen staat<\/span><span dir=\"ltr\" role=\"presentation\">lichen Automobilwerks Awto WAS (Wolga<\/span><span dir=\"ltr\" role=\"presentation\">&#8211;<\/span><span dir=\"ltr\" role=\"presentation\">Automobil<\/span><span dir=\"ltr\" role=\"presentation\">&#8211;<\/span><span dir=\"ltr\" role=\"presentation\">Wer<\/span><span dir=\"ltr\" role=\"presentation\">k) produzierten Modells<\/span> <span dir=\"ltr\" role=\"presentation\">S<\/span><span dir=\"ltr\" role=\"presentation\">c<\/span><span dir=\"ltr\" role=\"presentation\">higuli<\/span> <span dir=\"ltr\" role=\"presentation\">bzw.<\/span> <span dir=\"ltr\" role=\"presentation\">Lada 2103 (Exportname<\/span> <span dir=\"ltr\" role=\"presentation\">Lada 1500<\/span><span dir=\"ltr\" role=\"presentation\">)<\/span> <span dir=\"ltr\" role=\"presentation\">wurde ebenfalls wie seine Vorg\u00e4nger 2101 und 2102<\/span> <span dir=\"ltr\" role=\"presentation\">wieder nach dem Vorbild eines Fiat (Fiat 124 Special) gefertigt. Die 77 PS starke Li<\/span><span dir=\"ltr\" role=\"presentation\">mousine erreichte<\/span> <span dir=\"ltr\" role=\"presentation\">eine H\u00f6chstgeschwindigkeit von 152 km\/h bei einer Beschleunigung von 17 Sekunden von 0 auf 100<\/span> <span dir=\"ltr\" role=\"presentation\">km\/h, eine Eigenschaft, die dem Fahrzeug auch \u00fcber die Landesgrenzen hinweg zu Ruhm verhalf.<\/span> <span dir=\"ltr\" role=\"presentation\">Bereits am 21. Dezember 1973 rollte der millionste<\/span> <span dir=\"ltr\" role=\"presentation\">Lada vom Band in Togliatti<\/span> <span dir=\"ltr\" role=\"presentation\">&#8211;<\/span> <span dir=\"ltr\" role=\"presentation\">ein Erfolgsschlager,<\/span> <span dir=\"ltr\" role=\"presentation\">der bis 1982 hergestellt wurde. Das Modell des L<\/span><span dir=\"ltr\" role=\"presentation\">ada (zu Deutsch \u00bbdie Geliebte\u00ab oder<\/span> <span dir=\"ltr\" role=\"presentation\">\u00bbLiebchen\u00ab) in<\/span> <span dir=\"ltr\" role=\"presentation\">der edlen \u00bbCMD<\/span><span dir=\"ltr\" role=\"presentation\">&#8211;<\/span><span dir=\"ltr\" role=\"presentation\">Version\u00ab begeistert mit herrlicher Detailbedruckung, wie beispielsweise die<\/span> <span dir=\"ltr\" role=\"presentation\">silberfarbenen<\/span> <span dir=\"ltr\" role=\"presentation\">Zier<\/span><span dir=\"ltr\" role=\"presentation\">&#8211;<\/span> <span dir=\"ltr\" role=\"presentation\">und Fensterleisten sowie L\u00fcftungsgitter, T\u00fcrgriffe, Blinker und Lada<\/span><span dir=\"ltr\" role=\"presentation\">&#8211;<\/span><span dir=\"ltr\" role=\"presentation\">Emblem in<\/span> <span dir=\"ltr\" role=\"presentation\">h\u00f6chster Pr\u00e4<\/span><span dir=\"ltr\" role=\"presentation\">zision. Jetzt gibt\u2019s den 1500er<\/span> <span dir=\"ltr\" role=\"presentation\">in<\/span> <span dir=\"ltr\" role=\"presentation\">zwei<\/span> <span dir=\"ltr\" role=\"presentation\">neuen<\/span><span dir=\"ltr\" role=\"presentation\">,<\/span> <span dir=\"ltr\" role=\"presentation\">Lada typischen Farben.<\/span><\/span><span id=\"page26R_mcid13\" class=\"markedContent\"><\/span><span id=\"page26R_mcid14\" class=\"markedContent\"><br role=\"presentation\" \/><strong><span dir=\"ltr\" role=\"presentation\">50501 Lada 1500 \u00bbCMD<\/span><span dir=\"ltr\" role=\"presentation\">&#8211;<\/span><span dir=\"ltr\" role=\"presentation\">Collection\u00ab,<\/span> <span dir=\"ltr\" role=\"presentation\">blau<\/span> <span dir=\"ltr\" role=\"presentation\">\u20ac 19<\/span><span dir=\"ltr\" role=\"presentation\">,99<\/span><\/strong><\/span><\/p>\n<hr \/>\n<p><span class=\"markedContent\"><a href=\"http:\/\/mikanews.net\/wp-content\/uploads\/2022\/02\/50501.jpg\" rel=\"lightbox[11203]\"><img loading=\"lazy\" decoding=\"async\" class=\"aligncenter size-medium wp-image-11238\" src=\"http:\/\/mikanews.net\/wp-content\/uploads\/2022\/02\/50501-300x144.jpg\" alt=\"\" width=\"300\" height=\"144\" srcset=\"http:\/\/mikanews.net\/wp-content\/uploads\/2022\/02\/50501-300x144.jpg 300w, http:\/\/mikanews.net\/wp-content\/uploads\/2022\/02\/50501-768x370.jpg 768w, http:\/\/mikanews.net\/wp-content\/uploads\/2022\/02\/50501.jpg 850w\" sizes=\"auto, (max-width: 300px) 100vw, 300px\" \/><\/a><\/span><\/p>\n<hr \/>\n<p><strong><span id=\"page26R_mcid15\" class=\"markedContent\"><span dir=\"ltr\" role=\"presentation\">50504 Lada 1500 \u00bbCMD<\/span><span dir=\"ltr\" role=\"presentation\">&#8211;<\/span><span dir=\"ltr\" role=\"presentation\">Collection\u00ab,<\/span> <span dir=\"ltr\" role=\"presentation\">rot<\/span> <span dir=\"ltr\" role=\"presentation\">\u20ac 19<\/span><span dir=\"ltr\" role=\"presentation\">,99<\/span><\/span><\/strong><span id=\"page26R_mcid16\" class=\"markedContent\"><\/span><\/p>\n<hr \/>\n<p><span class=\"markedContent\"><a href=\"http:\/\/mikanews.net\/wp-content\/uploads\/2022\/02\/50504.jpg\" rel=\"lightbox[11203]\"><img loading=\"lazy\" decoding=\"async\" class=\"aligncenter size-medium wp-image-11239\" src=\"http:\/\/mikanews.net\/wp-content\/uploads\/2022\/02\/50504-300x143.jpg\" alt=\"\" width=\"300\" height=\"143\" srcset=\"http:\/\/mikanews.net\/wp-content\/uploads\/2022\/02\/50504-300x143.jpg 300w, http:\/\/mikanews.net\/wp-content\/uploads\/2022\/02\/50504-768x365.jpg 768w, http:\/\/mikanews.net\/wp-content\/uploads\/2022\/02\/50504.jpg 850w\" sizes=\"auto, (max-width: 300px) 100vw, 300px\" \/><\/a><\/span><\/p>\n<hr \/>\n<p><strong><span id=\"page26R_mcid17\" class=\"markedContent\"><span dir=\"ltr\" role=\"presentation\">51022 Mercedes<\/span><span dir=\"ltr\" role=\"presentation\">&#8211;<\/span><span dir=\"ltr\" role=\"presentation\">Benz Unimog U 5023 Pritsche mit Kran und Seilwinde<\/span> <span dir=\"ltr\" role=\"presentation\">\u20ac 44<\/span><span dir=\"ltr\" role=\"presentation\">,99<\/span><\/span><\/strong><span id=\"page26R_mcid18\" class=\"markedContent\"><br role=\"presentation\" \/><span dir=\"ltr\" role=\"presentation\">Mit dieser Best\u00fcckung ist der gra<\/span><span dir=\"ltr\" role=\"presentation\">ue Unimog auf alles vorbereitet<\/span><span dir=\"ltr\" role=\"presentation\">! Der Kran und die Seilwinde<\/span> <span dir=\"ltr\" role=\"presentation\">lassen<\/span> <span dir=\"ltr\" role=\"presentation\">keine W\u00fcnsche offen<\/span><span dir=\"ltr\" role=\"presentation\">. F<\/span><span dir=\"ltr\" role=\"presentation\">alls er mal feststecken sollte<\/span><span dir=\"ltr\" role=\"presentation\">,<\/span> <span dir=\"ltr\" role=\"presentation\">kann er sich mit sein<\/span><span dir=\"ltr\" role=\"presentation\">er Seilwinde selbst befreien.<\/span> <span dir=\"ltr\" role=\"presentation\">Coole Kiste f\u00fcr gro\u00dfe Jungs!<\/span><\/span><span id=\"page26R_mcid19\" class=\"markedContent\"><\/span><\/p>\n<hr \/>\n<p><span class=\"markedContent\"><a href=\"http:\/\/mikanews.net\/wp-content\/uploads\/2022\/02\/51022.jpg\" rel=\"lightbox[11203]\"><img loading=\"lazy\" decoding=\"async\" class=\"aligncenter size-medium wp-image-11240\" src=\"http:\/\/mikanews.net\/wp-content\/uploads\/2022\/02\/51022-300x150.jpg\" alt=\"\" width=\"300\" height=\"150\" srcset=\"http:\/\/mikanews.net\/wp-content\/uploads\/2022\/02\/51022-300x150.jpg 300w, http:\/\/mikanews.net\/wp-content\/uploads\/2022\/02\/51022-768x385.jpg 768w, http:\/\/mikanews.net\/wp-content\/uploads\/2022\/02\/51022.jpg 850w\" sizes=\"auto, (max-width: 300px) 100vw, 300px\" \/><\/a><\/span><\/p>\n<hr \/>\n<p><strong><span id=\"page26R_mcid20\" class=\"markedContent\"><span dir=\"ltr\" role=\"presentation\">51055 Mercedes<\/span><span dir=\"ltr\" role=\"presentation\">&#8211;<\/span><span dir=\"ltr\" role=\"presentation\">Benz Unimog U 5023 mit Schlingmannaufbau, Feuerwehr Ohrdruf<\/span> <span dir=\"ltr\" role=\"presentation\">\u20ac<\/span> <span dir=\"ltr\" role=\"presentation\">37<\/span><span dir=\"ltr\" role=\"presentation\">,99<\/span><\/span><\/strong><span id=\"page26R_mcid21\" class=\"markedContent\"><br role=\"presentation\" \/><span dir=\"ltr\" role=\"presentation\">Rotes Einsatzfahrzeug mit Schlingmannaufbau der Feuerwehr O<\/span><span dir=\"ltr\" role=\"presentation\">hrdruf<\/span> <span dir=\"ltr\" role=\"presentation\">in Th\u00fcringen<\/span><span dir=\"ltr\" role=\"presentation\">.<\/span> <span dir=\"ltr\" role=\"presentation\">Die historische<\/span> <span dir=\"ltr\" role=\"presentation\">Stadt verf\u00fcgt \u00fcber<\/span> <span dir=\"ltr\" role=\"presentation\">so ein<\/span> <span dir=\"ltr\" role=\"presentation\">Hightech<\/span><span dir=\"ltr\" role=\"presentation\">&#8211;<\/span><span dir=\"ltr\" role=\"presentation\">Unimog mit beeindruckendem Flammenmuster auf beiden Seiten.<\/span><\/span><span id=\"page26R_mcid22\" class=\"markedContent\"><\/span><span id=\"page26R_mcid23\" class=\"markedContent\"><\/span><\/p>\n<hr \/>\n<p><span class=\"markedContent\"><span dir=\"ltr\" role=\"presentation\"><a href=\"http:\/\/mikanews.net\/wp-content\/uploads\/2022\/02\/51055.jpg\" rel=\"lightbox[11203]\"><img loading=\"lazy\" decoding=\"async\" class=\"aligncenter size-medium wp-image-11241\" src=\"http:\/\/mikanews.net\/wp-content\/uploads\/2022\/02\/51055-300x183.jpg\" alt=\"\" width=\"300\" height=\"183\" srcset=\"http:\/\/mikanews.net\/wp-content\/uploads\/2022\/02\/51055-300x183.jpg 300w, http:\/\/mikanews.net\/wp-content\/uploads\/2022\/02\/51055-768x468.jpg 768w, http:\/\/mikanews.net\/wp-content\/uploads\/2022\/02\/51055.jpg 850w\" sizes=\"auto, (max-width: 300px) 100vw, 300px\" \/><\/a><\/span><\/span><\/p>\n<hr \/>\n<p><strong><span id=\"page26R_mcid23\" class=\"markedContent\"><span dir=\"ltr\" role=\"presentation\">511<\/span><span dir=\"ltr\" role=\"presentation\">68<\/span> <span dir=\"ltr\" role=\"presentation\">Mercedes<\/span><span dir=\"ltr\" role=\"presentation\">&#8211;<\/span><span dir=\"ltr\" role=\"presentation\">Benz V<\/span><span dir=\"ltr\" role=\"presentation\">&#8211;<\/span><span dir=\"ltr\" role=\"presentation\">Klasse<\/span><span dir=\"ltr\" role=\"presentation\">,<\/span> <span dir=\"ltr\" role=\"presentation\">E<\/span><span dir=\"ltr\" role=\"presentation\">nglisches<\/span> <span dir=\"ltr\" role=\"presentation\">Taxi<\/span> <span dir=\"ltr\" role=\"presentation\">\u20ac 22<\/span><span dir=\"ltr\" role=\"presentation\">,99<\/span><\/span><\/strong><span class=\"markedContent\"><br role=\"presentation\" \/><span dir=\"ltr\" role=\"presentation\">Die<\/span> <span dir=\"ltr\" role=\"presentation\">Mercedes V<\/span><span dir=\"ltr\" role=\"presentation\">&#8211;<\/span><span dir=\"ltr\" role=\"presentation\">Klasse<\/span> <span dir=\"ltr\" role=\"presentation\">gibt es<\/span> <span dir=\"ltr\" role=\"presentation\">\u00fcberall<\/span><span dir=\"ltr\" role=\"presentation\">, so auch in Gro\u00dfbritannien! Selbstverst\u00e4ndlich erf\u00fcllt dieses<\/span> <span dir=\"ltr\" role=\"presentation\">Modell die landesspezifischen Anforderungen wie Rechtslenker und typisch britisches Taxischild in<\/span><br role=\"presentation\" \/><span dir=\"ltr\" role=\"presentation\">aufwendiger Ausf\u00fchrung.<\/span><\/span><\/p>\n<hr \/>\n<p><span class=\"markedContent\"><span dir=\"ltr\" role=\"presentation\"><a href=\"http:\/\/mikanews.net\/wp-content\/uploads\/2022\/02\/51168.jpg\" rel=\"lightbox[11203]\"><img loading=\"lazy\" decoding=\"async\" class=\"aligncenter size-medium wp-image-11242\" src=\"http:\/\/mikanews.net\/wp-content\/uploads\/2022\/02\/51168-300x142.jpg\" alt=\"\" width=\"300\" height=\"142\" srcset=\"http:\/\/mikanews.net\/wp-content\/uploads\/2022\/02\/51168-300x142.jpg 300w, http:\/\/mikanews.net\/wp-content\/uploads\/2022\/02\/51168-768x362.jpg 768w, http:\/\/mikanews.net\/wp-content\/uploads\/2022\/02\/51168.jpg 850w\" sizes=\"auto, (max-width: 300px) 100vw, 300px\" \/><\/a><\/span><\/span><\/p>\n<hr \/>\n<p><strong><span id=\"page33R_mcid0\" class=\"markedContent\"><span dir=\"ltr\" role=\"presentation\">51175 Mercedes<\/span><span dir=\"ltr\" role=\"presentation\">&#8211;<\/span><span dir=\"ltr\" role=\"presentation\">Benz V<\/span><span dir=\"ltr\" role=\"presentation\">&#8211;<\/span><span dir=\"ltr\" role=\"presentation\">Klasse, Falck<\/span> <span dir=\"ltr\" role=\"presentation\">\u20ac<\/span> <span dir=\"ltr\" role=\"presentation\">22<\/span><span dir=\"ltr\" role=\"presentation\">,99<\/span><\/span><\/strong><span id=\"page33R_mcid1\" class=\"markedContent\"><br role=\"presentation\" \/><span dir=\"ltr\" role=\"presentation\">In fast zwei Dritteln der Gemeinden in D\u00e4nemark \u00fcbernimmt das private Unternehmen Falck,<\/span> <span dir=\"ltr\" role=\"presentation\">das<\/span> <span dir=\"ltr\" role=\"presentation\">1906<\/span> <span dir=\"ltr\" role=\"presentation\">durch den D\u00e4nen Sophus Falck gegr\u00fcndet<\/span> <span dir=\"ltr\" role=\"presentation\">wurde<\/span><span dir=\"ltr\" role=\"presentation\">, die verschiedenen Aufgaben der<\/span> <span dir=\"ltr\" role=\"presentation\">Rettungsdienste und<\/span> <span dir=\"ltr\" role=\"presentation\">Feuerwehr.<\/span> <span dir=\"ltr\" role=\"presentation\">Die wei\u00dfe V<\/span><span dir=\"ltr\" role=\"presentation\">&#8211;<\/span><span dir=\"ltr\" role=\"presentation\">Klasse mit der roten Bauchbinde und de<\/span><span dir=\"ltr\" role=\"presentation\">m markanten Logo sind f\u00fcr den<\/span> <span dir=\"ltr\" role=\"presentation\">Einsatz gut ausger\u00fcstet.<\/span><\/span><span id=\"page33R_mcid2\" class=\"markedContent\"><\/span><\/p>\n<hr \/>\n<p><span class=\"markedContent\"><a href=\"http:\/\/mikanews.net\/wp-content\/uploads\/2022\/02\/51175.jpg\" rel=\"lightbox[11203]\"><img loading=\"lazy\" decoding=\"async\" class=\"aligncenter size-medium wp-image-11243\" src=\"http:\/\/mikanews.net\/wp-content\/uploads\/2022\/02\/51175-300x157.jpg\" alt=\"\" width=\"300\" height=\"157\" srcset=\"http:\/\/mikanews.net\/wp-content\/uploads\/2022\/02\/51175-300x157.jpg 300w, http:\/\/mikanews.net\/wp-content\/uploads\/2022\/02\/51175-768x402.jpg 768w, http:\/\/mikanews.net\/wp-content\/uploads\/2022\/02\/51175.jpg 850w\" sizes=\"auto, (max-width: 300px) 100vw, 300px\" \/><\/a><\/span><\/p>\n<hr \/>\n<p><strong><span id=\"page33R_mcid3\" class=\"markedContent\"><span dir=\"ltr\" role=\"presentation\">51180 Mercedes<\/span><span dir=\"ltr\" role=\"presentation\">&#8211;<\/span><span dir=\"ltr\" role=\"presentation\">Benz V<\/span><span dir=\"ltr\" role=\"presentation\">&#8211;<\/span><span dir=\"ltr\" role=\"presentation\">Klasse, orange<\/span><span dir=\"ltr\" role=\"presentation\">&#8211;<\/span><span dir=\"ltr\" role=\"presentation\">metallic<\/span> <span dir=\"ltr\" role=\"presentation\">matt<\/span> <span dir=\"ltr\" role=\"presentation\">\u20ac 19<\/span><span dir=\"ltr\" role=\"presentation\">,99<\/span><\/span><\/strong><span id=\"page33R_mcid4\" class=\"markedContent\"><br role=\"presentation\" \/><span dir=\"ltr\" role=\"presentation\">Was f\u00fcr ein<\/span> <span dir=\"ltr\" role=\"presentation\">Blickfang<\/span><span dir=\"ltr\" role=\"presentation\">! Die V<\/span><span dir=\"ltr\" role=\"presentation\">&#8211;<\/span><span dir=\"ltr\" role=\"presentation\">Klasse in dieser speziellen<\/span> <span dir=\"ltr\" role=\"presentation\">Farbausf\u00fchrung<\/span> <span dir=\"ltr\" role=\"presentation\">in Kombination mit<\/span> <span dir=\"ltr\" role=\"presentation\">schwarz<\/span><span dir=\"ltr\" role=\"presentation\">en Accessoires ist ein absoluter Hingucker. In diesem sportlichen Design wirkt<\/span> <span dir=\"ltr\" role=\"presentation\">das Modell<\/span> <span dir=\"ltr\" role=\"presentation\">ganz<\/span><br role=\"presentation\" \/><span dir=\"ltr\" role=\"presentation\">und gar<\/span> <span dir=\"ltr\" role=\"presentation\">nicht wie ein langweiliger Transporter<\/span><span dir=\"ltr\" role=\"presentation\">!<\/span><\/span><span id=\"page33R_mcid5\" class=\"markedContent\"><\/span><\/p>\n<hr \/>\n<p><span class=\"markedContent\"><a href=\"http:\/\/mikanews.net\/wp-content\/uploads\/2022\/02\/51180.jpg\" rel=\"lightbox[11203]\"><img loading=\"lazy\" decoding=\"async\" class=\"aligncenter size-medium wp-image-11244\" src=\"http:\/\/mikanews.net\/wp-content\/uploads\/2022\/02\/51180-300x131.jpg\" alt=\"\" width=\"300\" height=\"131\" srcset=\"http:\/\/mikanews.net\/wp-content\/uploads\/2022\/02\/51180-300x131.jpg 300w, http:\/\/mikanews.net\/wp-content\/uploads\/2022\/02\/51180-768x336.jpg 768w, http:\/\/mikanews.net\/wp-content\/uploads\/2022\/02\/51180.jpg 850w\" sizes=\"auto, (max-width: 300px) 100vw, 300px\" \/><\/a><\/span><\/p>\n<hr \/>\n<p><strong><span id=\"page33R_mcid6\" class=\"markedContent\"><span dir=\"ltr\" role=\"presentation\">51181 Mercedes<\/span><span dir=\"ltr\" role=\"presentation\">&#8211;<\/span><span dir=\"ltr\" role=\"presentation\">Benz Vito, Feuerwehr Dortmund<\/span> <span dir=\"ltr\" role=\"presentation\">\u20ac 24<\/span><span dir=\"ltr\" role=\"presentation\">,99<\/span><\/span><\/strong><span id=\"page33R_mcid7\" class=\"markedContent\"><br role=\"presentation\" \/><span dir=\"ltr\" role=\"presentation\">Einsatzleitwagen (ELW) der nordrhein<\/span><span dir=\"ltr\" role=\"presentation\">&#8211;<\/span><span dir=\"ltr\" role=\"presentation\">westf\u00e4lischen Fe<\/span><span dir=\"ltr\" role=\"presentation\">uerwehr in Dortmund.<\/span> <span dir=\"ltr\" role=\"presentation\">Nach Auskunft der<\/span> <span dir=\"ltr\" role=\"presentation\">dortigen<\/span> <span dir=\"ltr\" role=\"presentation\">Pressestelle sprechen<\/span> <span dir=\"ltr\" role=\"presentation\">eine ganze Reihe von Argumenten f\u00fcr den Vito. Als Pluspunkte werden<\/span> <span dir=\"ltr\" role=\"presentation\">genannt:<\/span><\/span><span id=\"page33R_mcid8\" class=\"markedContent\"><br role=\"presentation\" \/><span dir=\"ltr\" role=\"presentation\">&#8211;<\/span> <span dir=\"ltr\" role=\"presentation\">ausreichend dimensioniert, um Einsatzstellen mit einem L\u00f6schzug oder<\/span> <span dir=\"ltr\" role=\"presentation\">einer Spezialeinheit zu f\u00fchren<\/span><br role=\"presentation\" \/><span dir=\"ltr\" role=\"presentation\">&#8211;<\/span> <span dir=\"ltr\" role=\"presentation\">kompa<\/span><span dir=\"ltr\" role=\"presentation\">kte Ma\u00dfe<\/span><br role=\"presentation\" \/><span dir=\"ltr\" role=\"presentation\">&#8211;<\/span> <span dir=\"ltr\" role=\"presentation\">sehr agil und wendig<\/span><br role=\"presentation\" \/><span dir=\"ltr\" role=\"presentation\">&#8211;<\/span> <span dir=\"ltr\" role=\"presentation\">gute \u00dcbersichtlichkeit<\/span><br role=\"presentation\" \/><span dir=\"ltr\" role=\"presentation\">&#8211;<\/span> <span dir=\"ltr\" role=\"presentation\">g\u00fcnstiger Anschaffungspreis,<\/span> <span dir=\"ltr\" role=\"presentation\">besonders<\/span> <span dir=\"ltr\" role=\"presentation\">als All<\/span><span dir=\"ltr\" role=\"presentation\">rad (im Vergleich zum Sprinter)<\/span><br role=\"presentation\" \/><span dir=\"ltr\" role=\"presentation\">&#8211;<\/span> <span dir=\"ltr\" role=\"presentation\">gering<\/span><span dir=\"ltr\" role=\"presentation\">er Kraftstoffverbrauch<\/span><br role=\"presentation\" \/><span dir=\"ltr\" role=\"presentation\">&#8211;<\/span> <span dir=\"ltr\" role=\"presentation\">im Unterhalt<\/span> <span dir=\"ltr\" role=\"presentation\">g\u00fcnstiger<\/span> <span dir=\"ltr\" role=\"presentation\">als ein Sprinter<\/span><\/span><span id=\"page33R_mcid9\" class=\"markedContent\"><br role=\"presentation\" \/><span dir=\"ltr\" role=\"presentation\">Und so verwundert es nicht, dass die Dortmunder bereits 2020 elf Einsatzleitwagen (ELW) 1 auf<\/span> <span dir=\"ltr\" role=\"presentation\">Mercedes Vito<\/span> <span dir=\"ltr\" role=\"presentation\">Basis<\/span> <span dir=\"ltr\" role=\"presentation\">f\u00fcr den C<\/span><span dir=\"ltr\" role=\"presentation\">&#8211;<\/span><span dir=\"ltr\" role=\"presentation\">Dienst beschafft hatten.<\/span><\/span><span id=\"page33R_mcid10\" class=\"markedContent\"><\/span><\/p>\n<hr \/>\n<p><span class=\"markedContent\"><a href=\"http:\/\/mikanews.net\/wp-content\/uploads\/2022\/02\/51181-neu.jpg\" rel=\"lightbox[11203]\"><img loading=\"lazy\" decoding=\"async\" class=\"aligncenter size-medium wp-image-11245\" src=\"http:\/\/mikanews.net\/wp-content\/uploads\/2022\/02\/51181-neu-300x163.jpg\" alt=\"\" width=\"300\" height=\"163\" srcset=\"http:\/\/mikanews.net\/wp-content\/uploads\/2022\/02\/51181-neu-300x163.jpg 300w, http:\/\/mikanews.net\/wp-content\/uploads\/2022\/02\/51181-neu-768x418.jpg 768w, http:\/\/mikanews.net\/wp-content\/uploads\/2022\/02\/51181-neu.jpg 850w\" sizes=\"auto, (max-width: 300px) 100vw, 300px\" \/><\/a><\/span><\/p>\n<hr \/>\n<p><strong><span id=\"page33R_mcid11\" class=\"markedContent\"><span dir=\"ltr\" role=\"presentation\">51192<\/span> <span dir=\"ltr\" role=\"presentation\">Mercedes<\/span><span dir=\"ltr\" role=\"presentation\">&#8211;<\/span><span dir=\"ltr\" role=\"presentation\">Benz Vito US Taxi<\/span> <span dir=\"ltr\" role=\"presentation\">\u20ac 24<\/span><span dir=\"ltr\" role=\"presentation\">,99<\/span><\/span><\/strong><span id=\"page33R_mcid12\" class=\"markedContent\"><br role=\"presentation\" \/><span dir=\"ltr\" role=\"presentation\">Der Vito als Gro\u00dfraumtaxi<\/span> <span dir=\"ltr\" role=\"presentation\">ist das ideale Yellow Cab f\u00fcr d<\/span><span dir=\"ltr\" role=\"presentation\">ie New Yorker. Der muss sich auch beeilen,<\/span> <span dir=\"ltr\" role=\"presentation\">denn der Harry Potter Film beginnt<\/span> <span dir=\"ltr\" role=\"presentation\">gleich<\/span><span dir=\"ltr\" role=\"presentation\">. Sogar die Amerika typische Werbung ist auf dem Modell<\/span> <span dir=\"ltr\" role=\"presentation\">perfekt umgesetzt.<\/span><\/span><span id=\"page33R_mcid13\" class=\"markedContent\"><\/span><\/p>\n<hr \/>\n<p><span class=\"markedContent\"><a href=\"http:\/\/mikanews.net\/wp-content\/uploads\/2022\/02\/51192.jpg\" rel=\"lightbox[11203]\"><img loading=\"lazy\" decoding=\"async\" class=\"aligncenter size-medium wp-image-11246\" src=\"http:\/\/mikanews.net\/wp-content\/uploads\/2022\/02\/51192-300x173.jpg\" alt=\"\" width=\"300\" height=\"173\" srcset=\"http:\/\/mikanews.net\/wp-content\/uploads\/2022\/02\/51192-300x173.jpg 300w, http:\/\/mikanews.net\/wp-content\/uploads\/2022\/02\/51192-768x443.jpg 768w, http:\/\/mikanews.net\/wp-content\/uploads\/2022\/02\/51192.jpg 850w\" sizes=\"auto, (max-width: 300px) 100vw, 300px\" \/><\/a><\/span><\/p>\n<hr \/>\n<p><strong><span id=\"page33R_mcid14\" class=\"markedContent\"><span dir=\"ltr\" role=\"presentation\">51248 Framo V901\/2 Kasten Union B\u00e4ckerei<\/span> <span dir=\"ltr\" role=\"presentation\">\u20ac 22<\/span><span dir=\"ltr\" role=\"presentation\">,99<\/span><\/span><\/strong><span id=\"page33R_mcid15\" class=\"markedContent\"><br role=\"presentation\" \/><span dir=\"ltr\" role=\"presentation\">Der Framo als Lieferwagen f\u00fcr Backwaren der VEB Gro\u00dfb\u00e4<\/span><span dir=\"ltr\" role=\"presentation\">ckerei Union in Karl Marx Stadt.<\/span> <span dir=\"ltr\" role=\"presentation\">Die<\/span> <span dir=\"ltr\" role=\"presentation\">Gro\u00dfb\u00e4ckerei Union wurde 1910 von Emil Reimann gegr\u00fcndet<\/span> <span dir=\"ltr\" role=\"presentation\">und<\/span> <span dir=\"ltr\" role=\"presentation\">wird heut<\/span><span dir=\"ltr\" role=\"presentation\">e als Emil Reimann<\/span><br role=\"presentation\" \/><span dir=\"ltr\" role=\"presentation\">B\u00e4ckerei GmbH in Dresden<\/span> <span dir=\"ltr\" role=\"presentation\">weitergef\u00fchrt.<\/span> <span dir=\"ltr\" role=\"presentation\">Die typisch gr\u00fcn<\/span><span dir=\"ltr\" role=\"presentation\">&#8211;<\/span><span dir=\"ltr\" role=\"presentation\">\/<\/span><span dir=\"ltr\" role=\"presentation\">beigefarbigen Lief<\/span><span dir=\"ltr\" role=\"presentation\">erwagen<\/span> <span dir=\"ltr\" role=\"presentation\">galten<\/span> <span dir=\"ltr\" role=\"presentation\">in den<\/span> <span dir=\"ltr\" role=\"presentation\">19<\/span><span dir=\"ltr\" role=\"presentation\">60er Jahren<\/span> <span dir=\"ltr\" role=\"presentation\">als<\/span> <span dir=\"ltr\" role=\"presentation\">Markenzeichen der Union B\u00e4ckerei im Umkreis von Karl Marx Stadt<\/span> <span dir=\"ltr\" role=\"presentation\">\u2013<\/span> <span dir=\"ltr\" role=\"presentation\">heute wieder<\/span> <span dir=\"ltr\" role=\"presentation\">Chemnitz.<\/span><\/span><span id=\"page33R_mcid16\" class=\"markedContent\"><\/span><\/p>\n<hr \/>\n<p><span class=\"markedContent\"><a href=\"http:\/\/mikanews.net\/wp-content\/uploads\/2022\/02\/51248.jpg\" rel=\"lightbox[11203]\"><img loading=\"lazy\" decoding=\"async\" class=\"aligncenter size-medium wp-image-11247\" src=\"http:\/\/mikanews.net\/wp-content\/uploads\/2022\/02\/51248-300x184.jpg\" alt=\"\" width=\"300\" height=\"184\" srcset=\"http:\/\/mikanews.net\/wp-content\/uploads\/2022\/02\/51248-300x184.jpg 300w, http:\/\/mikanews.net\/wp-content\/uploads\/2022\/02\/51248-768x471.jpg 768w, http:\/\/mikanews.net\/wp-content\/uploads\/2022\/02\/51248.jpg 850w\" sizes=\"auto, (max-width: 300px) 100vw, 300px\" \/><\/a><\/span><\/p>\n<hr \/>\n<p><strong><span id=\"page33R_mcid17\" class=\"markedContent\"><span dir=\"ltr\" role=\"presentation\">51311 Belarus MTS<\/span><span dir=\"ltr\" role=\"presentation\">&#8211;<\/span><span dir=\"ltr\" role=\"presentation\">82, b<\/span><span dir=\"ltr\" role=\"presentation\">lau<\/span> <span dir=\"ltr\" role=\"presentation\">\u20ac 17<\/span><span dir=\"ltr\" role=\"presentation\">,99<\/span><\/span><\/strong><span id=\"page33R_mcid18\" class=\"markedContent\"><br role=\"presentation\" \/><span dir=\"ltr\" role=\"presentation\">Der \u00fcber alle Grenzen hinaus bekannte und unverw\u00fcstliche Belarus Traktor mit Allrad<\/span> <span dir=\"ltr\" role=\"presentation\">in der<\/span> <span dir=\"ltr\" role=\"presentation\">Exportfarbe Blau.<\/span><\/span><span id=\"page33R_mcid19\" class=\"markedContent\"><\/span><\/p>\n<hr \/>\n<p><span class=\"markedContent\"><a href=\"http:\/\/mikanews.net\/wp-content\/uploads\/2022\/02\/51311.jpg\" rel=\"lightbox[11203]\"><img loading=\"lazy\" decoding=\"async\" class=\"aligncenter size-medium wp-image-11248\" src=\"http:\/\/mikanews.net\/wp-content\/uploads\/2022\/02\/51311-300x201.jpg\" alt=\"\" width=\"300\" height=\"201\" srcset=\"http:\/\/mikanews.net\/wp-content\/uploads\/2022\/02\/51311-300x201.jpg 300w, http:\/\/mikanews.net\/wp-content\/uploads\/2022\/02\/51311-768x515.jpg 768w, http:\/\/mikanews.net\/wp-content\/uploads\/2022\/02\/51311.jpg 850w\" sizes=\"auto, (max-width: 300px) 100vw, 300px\" \/><\/a><\/span><\/p>\n<hr \/>\n<p><strong><span id=\"page33R_mcid20\" class=\"markedContent\"><span dir=\"ltr\" role=\"presentation\">51656 Robur LO 1801 A,<\/span> <span dir=\"ltr\" role=\"presentation\">Freiwillige Feuerwehr<\/span> <span dir=\"ltr\" role=\"presentation\">\u20ac 24<\/span><span dir=\"ltr\" role=\"presentation\">,99<\/span><\/span><\/strong><span id=\"page33R_mcid21\" class=\"markedContent\"><br role=\"presentation\" \/><span dir=\"ltr\" role=\"presentation\">Das Prinzip, einen LKW<\/span> <span dir=\"ltr\" role=\"presentation\">kosteng\u00fcnstig zu einem L\u00f6schfahrzeug umzur\u00fcsten, hatte sich zu der Zeit<\/span> <span dir=\"ltr\" role=\"presentation\">bew\u00e4hrt, als die M\u00f6glichkeiten der Beschaffung an Material s<\/span><span dir=\"ltr\" role=\"presentation\">ehr eingeschr\u00e4nkt waren. Somit entstand<\/span> <span dir=\"ltr\" role=\"presentation\">aus einer Notl\u00f6sung eine vollst\u00e4ndige Serie an L\u00f6schfahrzeugen. Im<\/span><\/span><span id=\"page33R_mcid22\" class=\"markedContent\"> <span dir=\"ltr\" role=\"presentation\">Feuerl\u00f6schger\u00e4tewerk G\u00f6rlitz<\/span><\/span><span id=\"page33R_mcid23\" class=\"markedContent\"> <span dir=\"ltr\" role=\"presentation\">wurden neue Konzepte ausgearbeitet, um die L\u00f6schfahrze<\/span><span dir=\"ltr\" role=\"presentation\">uge noch effektiver f\u00fcr die technische<\/span> <span dir=\"ltr\" role=\"presentation\">Hilfeleistung und den L\u00f6schangriff zu best\u00fccken. Diese Fahrzeuge sollten f\u00fcr jede Art<\/span> <span dir=\"ltr\" role=\"presentation\">von<\/span> <span dir=\"ltr\" role=\"presentation\">Einsatz so<\/span> <span dir=\"ltr\" role=\"presentation\">flexibel wie m\u00f6glich<\/span> <span dir=\"ltr\" role=\"presentation\">anwendbar<\/span> <span dir=\"ltr\" role=\"presentation\">sein. Somit entstand eine neue Generation der L\u00f6schfahrz<\/span><span dir=\"ltr\" role=\"presentation\">euge in<\/span> <span dir=\"ltr\" role=\"presentation\">Gemischtbauweise auf<\/span> <span dir=\"ltr\" role=\"presentation\">LKW<\/span><span dir=\"ltr\" role=\"presentation\">&#8211;<\/span><span dir=\"ltr\" role=\"presentation\">Basis, die ab 1968 Bestandteil der Feuerwachen und Betriebsfeuerwehren<\/span> <span dir=\"ltr\" role=\"presentation\">der Republik waren.<\/span><\/span><\/p>\n<p><span id=\"page36R_mcid0\" class=\"markedContent\"><span dir=\"ltr\" role=\"presentation\">Gute Fahreigenschaften im Gel\u00e4nde, Watf\u00e4higkeit und Steigf\u00e4higkeit waren Bestandteil und<\/span> <span dir=\"ltr\" role=\"presentation\">Mindestanforderungen, um auch in sehr unwegsamem Gel\u00e4nde einsetzbar se<\/span><span dir=\"ltr\" role=\"presentation\">in zu k\u00f6nnen. Da es sich<\/span><br role=\"presentation\" \/><span dir=\"ltr\" role=\"presentation\">urspr\u00fcnglich bei der Allradvariante um Milit\u00e4rfahrzeuge handelt, sind die typischen Merkmale wi<\/span><span dir=\"ltr\" role=\"presentation\">e<\/span> <span dir=\"ltr\" role=\"presentation\">Dachluke \u00fcber dem<\/span> <span dir=\"ltr\" role=\"presentation\">Beifahrersitz (Gruppenf\u00fchrer), wasserdichte Scheinwerfer und die aufstellbare<\/span><br role=\"presentation\" \/><span dir=\"ltr\" role=\"presentation\">Fron<\/span><span dir=\"ltr\" role=\"presentation\">tscheibe des Fahrers vorhanden.<\/span><\/span><span id=\"page36R_mcid1\" class=\"markedContent\"> <span dir=\"ltr\" role=\"presentation\">A<\/span><span dir=\"ltr\" role=\"presentation\">b 1968 begann f\u00fcr die Feuerwehr die Serienfertigung der L\u00f6schfahrzeuge<\/span> <span dir=\"ltr\" role=\"presentation\">LF8<\/span><span dir=\"ltr\" role=\"presentation\">&#8211;<\/span><span dir=\"ltr\" role=\"presentation\">TS8<\/span><span dir=\"ltr\" role=\"presentation\">&#8211;<\/span><span dir=\"ltr\" role=\"presentation\">STA im VEB<\/span> <span dir=\"ltr\" role=\"presentation\">Feuerl\u00f6schger\u00e4tewerk<\/span><\/span><span id=\"page36R_mcid2\" class=\"markedContent\"> <span dir=\"ltr\" role=\"presentation\">G\u00f6rlitz<\/span><\/span><span id=\"page36R_mcid3\" class=\"markedContent\"> <span dir=\"ltr\" role=\"presentation\">auf allradgetriebene Fahrgestelle des Typs Robur<\/span> <span dir=\"ltr\" role=\"presentation\">1801<\/span> <span dir=\"ltr\" role=\"presentation\">A<\/span><span dir=\"ltr\" role=\"presentation\">.<\/span> <span dir=\"ltr\" role=\"presentation\">Unser Modell<\/span> <span dir=\"ltr\" role=\"presentation\">entsprich<\/span><span dir=\"ltr\" role=\"presentation\">t einem typischen LF8 der FFW (<\/span><span dir=\"ltr\" role=\"presentation\">Freiwilligen Feuerwehr) in der DDR<\/span><span dir=\"ltr\" role=\"presentation\">.<\/span><\/span><span id=\"page36R_mcid4\" class=\"markedContent\"><\/span><\/p>\n<hr \/>\n<p><span class=\"markedContent\"><a href=\"http:\/\/mikanews.net\/wp-content\/uploads\/2022\/02\/51656.jpg\" rel=\"lightbox[11203]\"><img loading=\"lazy\" decoding=\"async\" class=\"aligncenter size-medium wp-image-11249\" src=\"http:\/\/mikanews.net\/wp-content\/uploads\/2022\/02\/51656-300x181.jpg\" alt=\"\" width=\"300\" height=\"181\" srcset=\"http:\/\/mikanews.net\/wp-content\/uploads\/2022\/02\/51656-300x181.jpg 300w, http:\/\/mikanews.net\/wp-content\/uploads\/2022\/02\/51656-768x463.jpg 768w, http:\/\/mikanews.net\/wp-content\/uploads\/2022\/02\/51656.jpg 850w\" sizes=\"auto, (max-width: 300px) 100vw, 300px\" \/><\/a><\/span><\/p>\n<hr \/>\n<p><strong><span id=\"page36R_mcid5\" class=\"markedContent\"><span dir=\"ltr\" role=\"presentation\">51852 Robur Garant K<\/span> <span dir=\"ltr\" role=\"presentation\">30 Kombiwagen, Werksfeuer<\/span><span dir=\"ltr\" role=\"presentation\">wehr<\/span> <span dir=\"ltr\" role=\"presentation\">Buna Wer<\/span><span dir=\"ltr\" role=\"presentation\">ke<\/span> <span dir=\"ltr\" role=\"presentation\">\u20ac 29<\/span><span dir=\"ltr\" role=\"presentation\">,99<\/span><\/span><\/strong><span id=\"page36R_mcid6\" class=\"markedContent\"><br role=\"presentation\" \/><span dir=\"ltr\" role=\"presentation\">Der Garant im Einsatz als Mannschaftstransportfahrzeug der Werksfeuerwehr der Buna Werke<\/span> <span dir=\"ltr\" role=\"presentation\">Schkopau.<\/span> <span dir=\"ltr\" role=\"presentation\">Man nannte ihn auch die<\/span> <span dir=\"ltr\" role=\"presentation\">\u00bb<\/span><span dir=\"ltr\" role=\"presentation\">Luftheule<\/span> <span dir=\"ltr\" role=\"presentation\">aus Zittau<\/span><span dir=\"ltr\" role=\"presentation\">\u00ab<\/span><span dir=\"ltr\" role=\"presentation\">, denn seine Motoren wurden luftgek\u00fchlt und<\/span> <span dir=\"ltr\" role=\"presentation\">heulten bei<\/span><span dir=\"ltr\" role=\"presentation\">m Anstieg oder<\/span> <span dir=\"ltr\" role=\"presentation\">bei<\/span> <span dir=\"ltr\" role=\"presentation\">heftiger Beanspruchung laut auf.<\/span><\/span><span id=\"page36R_mcid7\" class=\"markedContent\"><\/span><\/p>\n<hr \/>\n<p><span class=\"markedContent\"><a href=\"http:\/\/mikanews.net\/wp-content\/uploads\/2022\/02\/51852.jpg\" rel=\"lightbox[11203]\"><img loading=\"lazy\" decoding=\"async\" class=\"aligncenter size-medium wp-image-11251\" src=\"http:\/\/mikanews.net\/wp-content\/uploads\/2022\/02\/51852-300x174.jpg\" alt=\"\" width=\"300\" height=\"174\" srcset=\"http:\/\/mikanews.net\/wp-content\/uploads\/2022\/02\/51852-300x174.jpg 300w, http:\/\/mikanews.net\/wp-content\/uploads\/2022\/02\/51852-768x445.jpg 768w, http:\/\/mikanews.net\/wp-content\/uploads\/2022\/02\/51852.jpg 850w\" sizes=\"auto, (max-width: 300px) 100vw, 300px\" \/><\/a><\/span><\/p>\n<hr \/>\n<p><strong><span id=\"page36R_mcid8\" class=\"markedContent\"><span dir=\"ltr\" role=\"presentation\">51761 Nagetusch, Dresdner Verkehrsbetriebe<\/span> <span dir=\"ltr\" role=\"presentation\">\u20ac 17<\/span><span dir=\"ltr\" role=\"presentation\">,99<\/span><\/span><\/strong><span id=\"page36R_mcid9\" class=\"markedContent\"><br role=\"presentation\" \/><span dir=\"ltr\" role=\"presentation\">Der Na<\/span><span dir=\"ltr\" role=\"presentation\">getusch<\/span> <span dir=\"ltr\" role=\"presentation\">als<\/span> <span dir=\"ltr\" role=\"presentation\">Verkaufswagen der DVB (Dresdner Verkehrsbetriebe<\/span><span dir=\"ltr\" role=\"presentation\">) in der<\/span> <span dir=\"ltr\" role=\"presentation\">original<\/span> <span dir=\"ltr\" role=\"presentation\">Firmenfarbe<\/span><span dir=\"ltr\" role=\"presentation\">.<\/span><\/span><span id=\"page36R_mcid10\" class=\"markedContent\"><\/span><\/p>\n<hr \/>\n<p><span class=\"markedContent\"><a href=\"http:\/\/mikanews.net\/wp-content\/uploads\/2022\/02\/51761.jpg\" rel=\"lightbox[11203]\"><img loading=\"lazy\" decoding=\"async\" class=\"aligncenter size-medium wp-image-11250\" src=\"http:\/\/mikanews.net\/wp-content\/uploads\/2022\/02\/51761-300x190.jpg\" alt=\"\" width=\"300\" height=\"190\" srcset=\"http:\/\/mikanews.net\/wp-content\/uploads\/2022\/02\/51761-300x190.jpg 300w, http:\/\/mikanews.net\/wp-content\/uploads\/2022\/02\/51761-768x485.jpg 768w, http:\/\/mikanews.net\/wp-content\/uploads\/2022\/02\/51761.jpg 850w\" sizes=\"auto, (max-width: 300px) 100vw, 300px\" \/><\/a><\/span><\/p>\n<hr \/>\n<p><strong><span id=\"page36R_mcid11\" class=\"markedContent\"><span dir=\"ltr\" role=\"presentation\">52214 Mercedes<\/span><span dir=\"ltr\" role=\"presentation\">&#8211;<\/span><span dir=\"ltr\" role=\"presentation\">Benz VF Miesen, Ambulanz Norwegen<\/span> <span dir=\"ltr\" role=\"presentation\">\u20ac 29<\/span><span dir=\"ltr\" role=\"presentation\">,99<\/span><\/span><\/strong><span id=\"page36R_mcid12\" class=\"markedContent\"><br role=\"presentation\" \/><span dir=\"ltr\" role=\"presentation\">Zweifarbiges Einsatzfahrzeug der norwegischen Ambulanz<\/span><span dir=\"ltr\" role=\"presentation\">,<\/span> <span dir=\"ltr\" role=\"presentation\">welches in der Hauptstadt Oslo seinen<\/span> <span dir=\"ltr\" role=\"presentation\">Dien<\/span><span dir=\"ltr\" role=\"presentation\">st versah. Sicherlich ist dieses<\/span> <span dir=\"ltr\" role=\"presentation\">\u00bb<\/span><span dir=\"ltr\" role=\"presentation\">Hoch<\/span><span dir=\"ltr\" role=\"presentation\">\u00ab und \u00bb<\/span><span dir=\"ltr\" role=\"presentation\">Lang<\/span><span dir=\"ltr\" role=\"presentation\">\u00ab<\/span> <span dir=\"ltr\" role=\"presentation\">heutzutage<\/span> <span dir=\"ltr\" role=\"presentation\">ein beliebtes Sch\u00e4tzchen f\u00fcr<\/span><br role=\"presentation\" \/><span dir=\"ltr\" role=\"presentation\">Sammle<\/span><span dir=\"ltr\" role=\"presentation\">rh\u00e4nde<\/span><span dir=\"ltr\" role=\"presentation\">.<\/span><\/span><span id=\"page36R_mcid13\" class=\"markedContent\"><\/span><\/p>\n<hr \/>\n<p><span class=\"markedContent\"><a href=\"http:\/\/mikanews.net\/wp-content\/uploads\/2022\/02\/52214.jpg\" rel=\"lightbox[11203]\"><img loading=\"lazy\" decoding=\"async\" class=\"aligncenter size-medium wp-image-11252\" src=\"http:\/\/mikanews.net\/wp-content\/uploads\/2022\/02\/52214-300x167.jpg\" alt=\"\" width=\"300\" height=\"167\" srcset=\"http:\/\/mikanews.net\/wp-content\/uploads\/2022\/02\/52214-300x167.jpg 300w, http:\/\/mikanews.net\/wp-content\/uploads\/2022\/02\/52214-768x428.jpg 768w, http:\/\/mikanews.net\/wp-content\/uploads\/2022\/02\/52214.jpg 850w\" sizes=\"auto, (max-width: 300px) 100vw, 300px\" \/><\/a><\/span><\/p>\n<hr \/>\n<p><strong><span id=\"page36R_mcid14\" class=\"markedContent\"><span dir=\"ltr\" role=\"presentation\">52357 Framo V901\/2 Pritsche\/Plane, Steinmetz<\/span> <span dir=\"ltr\" role=\"presentation\">\u20ac 22<\/span><span dir=\"ltr\" role=\"presentation\">,99<\/span><\/span><\/strong><span id=\"page36R_mcid15\" class=\"markedContent\"><br role=\"presentation\" \/><span dir=\"ltr\" role=\"presentation\">Das zweite Leben des Framo als Werbetr\u00e4ger eines Steinmetzbetriebes. Sicher wird der kleine Framo<\/span> <span dir=\"ltr\" role=\"presentation\">jetzt<\/span> <span dir=\"ltr\" role=\"presentation\">nicht mehr so \u00fcber<\/span><span dir=\"ltr\" role=\"presentation\">laden wie es zu DDR Zeiten \u00fcblich<\/span> <span dir=\"ltr\" role=\"presentation\">war.<\/span><\/span><span id=\"page36R_mcid16\" class=\"markedContent\"><\/span><\/p>\n<hr \/>\n<p><span class=\"markedContent\"><a href=\"http:\/\/mikanews.net\/wp-content\/uploads\/2022\/02\/52357.jpg\" rel=\"lightbox[11203]\"><img loading=\"lazy\" decoding=\"async\" class=\"aligncenter size-medium wp-image-11253\" src=\"http:\/\/mikanews.net\/wp-content\/uploads\/2022\/02\/52357-300x185.jpg\" alt=\"\" width=\"300\" height=\"185\" srcset=\"http:\/\/mikanews.net\/wp-content\/uploads\/2022\/02\/52357-300x185.jpg 300w, http:\/\/mikanews.net\/wp-content\/uploads\/2022\/02\/52357-768x473.jpg 768w, http:\/\/mikanews.net\/wp-content\/uploads\/2022\/02\/52357.jpg 850w\" sizes=\"auto, (max-width: 300px) 100vw, 300px\" \/><\/a><\/span><\/p>\n<hr \/>\n<p><strong><span id=\"page36R_mcid17\" class=\"markedContent\"><span dir=\"ltr\" role=\"presentation\">52426 Ford Transit Custom Bus, Taxi<\/span> <span dir=\"ltr\" role=\"presentation\">\u20ac 21<\/span><span dir=\"ltr\" role=\"presentation\">,<\/span><span dir=\"ltr\" role=\"presentation\">4<\/span><span dir=\"ltr\" role=\"presentation\">9<\/span><\/span><\/strong><span id=\"page36R_mcid18\" class=\"markedContent\"><br role=\"presentation\" \/><span dir=\"ltr\" role=\"presentation\">Auf unseren Stra\u00dfen nicht wegzudenken: der<\/span> <span dir=\"ltr\" role=\"presentation\">Ford Transit Custom<\/span> <span dir=\"ltr\" role=\"presentation\">hat sich<\/span> <span dir=\"ltr\" role=\"presentation\">als Gro\u00dfraumtaxi zigfach<\/span> <span dir=\"ltr\" role=\"presentation\">bew\u00e4hrt.<\/span><\/span><span id=\"page36R_mcid19\" class=\"markedContent\"><\/span><\/p>\n<hr \/>\n<p><span class=\"markedContent\"><a href=\"http:\/\/mikanews.net\/wp-content\/uploads\/2022\/02\/52426.jpg\" rel=\"lightbox[11203]\"><img loading=\"lazy\" decoding=\"async\" class=\"aligncenter size-medium wp-image-11254\" src=\"http:\/\/mikanews.net\/wp-content\/uploads\/2022\/02\/52426-300x140.jpg\" alt=\"\" width=\"300\" height=\"140\" srcset=\"http:\/\/mikanews.net\/wp-content\/uploads\/2022\/02\/52426-300x140.jpg 300w, http:\/\/mikanews.net\/wp-content\/uploads\/2022\/02\/52426-768x360.jpg 768w, http:\/\/mikanews.net\/wp-content\/uploads\/2022\/02\/52426.jpg 850w\" sizes=\"auto, (max-width: 300px) 100vw, 300px\" \/><\/a><\/span><\/p>\n<hr \/>\n<p><strong><span id=\"page36R_mcid20\" class=\"markedContent\"><span dir=\"ltr\" role=\"presentation\">52435 Ford Transit Custom Bus, Zoll<\/span> <span dir=\"ltr\" role=\"presentation\">\u20ac 24<\/span><span dir=\"ltr\" role=\"presentation\">,99<\/span><\/span><\/strong><span id=\"page36R_mcid21\" class=\"markedContent\"><br role=\"presentation\" \/><span dir=\"ltr\" role=\"presentation\">Silber<\/span><span dir=\"ltr\" role=\"presentation\">&#8211;<\/span><span dir=\"ltr\" role=\"presentation\">metallic lackiertes Einsatzfahrzeug des deutschen Zolls mit gr\u00fcner Bauchbinde.<\/span><\/span><span id=\"page36R_mcid22\" class=\"markedContent\"><\/span><\/p>\n<hr \/>\n<p><span class=\"markedContent\"><a href=\"http:\/\/mikanews.net\/wp-content\/uploads\/2022\/02\/52435.jpg\" rel=\"lightbox[11203]\"><img loading=\"lazy\" decoding=\"async\" class=\"aligncenter size-medium wp-image-11255\" src=\"http:\/\/mikanews.net\/wp-content\/uploads\/2022\/02\/52435-300x135.jpg\" alt=\"\" width=\"300\" height=\"135\" srcset=\"http:\/\/mikanews.net\/wp-content\/uploads\/2022\/02\/52435-300x135.jpg 300w, http:\/\/mikanews.net\/wp-content\/uploads\/2022\/02\/52435-768x345.jpg 768w, http:\/\/mikanews.net\/wp-content\/uploads\/2022\/02\/52435.jpg 850w\" sizes=\"auto, (max-width: 300px) 100vw, 300px\" \/><\/a><\/span><\/p>\n<hr \/>\n<p><strong><span id=\"page36R_mcid23\" class=\"markedContent\"><span dir=\"ltr\" role=\"presentation\">52515 Ford Transit Custom<\/span> <span dir=\"ltr\" role=\"presentation\">Bus<\/span> <span dir=\"ltr\" role=\"presentation\">Hochdach, Falck<\/span> <span dir=\"ltr\" role=\"presentation\">\u20ac 26<\/span><span dir=\"ltr\" role=\"presentation\">,99<\/span><\/span><\/strong><span id=\"page36R_mcid24\" class=\"markedContent\"><br role=\"presentation\" \/><span dir=\"ltr\" role=\"presentation\">In fast zwei Dritteln der Gemeinden in D\u00e4nemark \u00fcbernimmt das private Unternehmen Falck, das 1906<\/span> <span dir=\"ltr\" role=\"presentation\">durch den D\u00e4nen So<\/span><span dir=\"ltr\" role=\"presentation\">phus Falck gegr\u00fcndet wurde, die verschiedenen Aufgaben der Rettungsdienste und<\/span> <span dir=\"ltr\" role=\"presentation\">Feuerwehr. Der wei\u00dfe Krankentransportwagen (KTW) mit der leuchtend roten Bauchbinde und den<\/span> <span dir=\"ltr\" role=\"presentation\">leuchtgelben Querstreifen ist f\u00fcr den n\u00e4chsten Einsatz bestens ausger\u00fcstet und ein ec<\/span><span dir=\"ltr\" role=\"presentation\">hter Hingucker.<\/span><\/span><span id=\"page36R_mcid25\" class=\"markedContent\"><\/span><\/p>\n<hr \/>\n<p><span class=\"markedContent\"><a href=\"http:\/\/mikanews.net\/wp-content\/uploads\/2022\/02\/52515.jpg\" rel=\"lightbox[11203]\"><img loading=\"lazy\" decoding=\"async\" class=\"aligncenter size-medium wp-image-11256\" src=\"http:\/\/mikanews.net\/wp-content\/uploads\/2022\/02\/52515-300x186.jpg\" alt=\"\" width=\"300\" height=\"186\" srcset=\"http:\/\/mikanews.net\/wp-content\/uploads\/2022\/02\/52515-300x186.jpg 300w, http:\/\/mikanews.net\/wp-content\/uploads\/2022\/02\/52515-768x477.jpg 768w, http:\/\/mikanews.net\/wp-content\/uploads\/2022\/02\/52515.jpg 850w\" sizes=\"auto, (max-width: 300px) 100vw, 300px\" \/><\/a><\/span><\/p>\n<hr \/>\n<p><strong><span id=\"page36R_mcid26\" class=\"markedContent\"><span dir=\"ltr\" role=\"presentation\">52616 Mercedes<\/span><span dir=\"ltr\" role=\"presentation\">&#8211;<\/span><span dir=\"ltr\" role=\"presentation\">Benz Sprinter mit langem Radstand, Feuerwehr Dortmund<\/span> <span dir=\"ltr\" role=\"presentation\">\u20ac 24<\/span><span dir=\"ltr\" role=\"presentation\">,99<\/span><\/span><\/strong><span id=\"page36R_mcid27\" class=\"markedContent\"><br role=\"presentation\" \/><span dir=\"ltr\" role=\"presentation\">Roter Wach<\/span><span dir=\"ltr\" role=\"presentation\">&#8211;<\/span><span dir=\"ltr\" role=\"presentation\">LKW der nordrhein<\/span><span dir=\"ltr\" role=\"presentation\">&#8211;<\/span><span dir=\"ltr\" role=\"presentation\">westf\u00e4lischen Feuerwehr in Dortmund<\/span><span dir=\"ltr\" role=\"presentation\">. D<\/span><span dir=\"ltr\" role=\"presentation\">ieser neue S<\/span><span dir=\"ltr\" role=\"presentation\">printer wird<\/span> <span dir=\"ltr\" role=\"presentation\">nicht nur als Wach<\/span><span dir=\"ltr\" role=\"presentation\">&#8211;<\/span><span dir=\"ltr\" role=\"presentation\">LKW sondern auch bei den H\u00f6henrettern eingesetzt.<\/span><\/span><span id=\"page36R_mcid28\" class=\"markedContent\"><\/span><\/p>\n<hr \/>\n<p><span class=\"markedContent\"><a href=\"http:\/\/mikanews.net\/wp-content\/uploads\/2022\/02\/52616.jpg\" rel=\"lightbox[11203]\"><img loading=\"lazy\" decoding=\"async\" class=\"aligncenter size-medium wp-image-11257\" src=\"http:\/\/mikanews.net\/wp-content\/uploads\/2022\/02\/52616-300x156.jpg\" alt=\"\" width=\"300\" height=\"156\" srcset=\"http:\/\/mikanews.net\/wp-content\/uploads\/2022\/02\/52616-300x156.jpg 300w, http:\/\/mikanews.net\/wp-content\/uploads\/2022\/02\/52616-768x400.jpg 768w, http:\/\/mikanews.net\/wp-content\/uploads\/2022\/02\/52616.jpg 850w\" sizes=\"auto, (max-width: 300px) 100vw, 300px\" \/><\/a><\/span><\/p>\n<hr \/>\n<p><strong><span id=\"page36R_mcid29\" class=\"markedContent\"><span dir=\"ltr\" role=\"presentation\">52622 Mercedes<\/span><span dir=\"ltr\" role=\"presentation\">&#8211;<\/span><span dir=\"ltr\" role=\"presentation\">Benz Sprinter mit langem Radstand, Strabag<\/span> <span dir=\"ltr\" role=\"presentation\">\u20ac 22<\/span><span dir=\"ltr\" role=\"presentation\">,<\/span><span dir=\"ltr\" role=\"presentation\">4<\/span><span dir=\"ltr\" role=\"presentation\">9<\/span><\/span><\/strong><span id=\"page36R_mcid30\" class=\"markedContent\"><br role=\"presentation\" \/><span dir=\"ltr\" role=\"presentation\">Einsatzfahrzeug<\/span> <span dir=\"ltr\" role=\"presentation\">des Bauunternehmens Strabag. Das b\u00f6rsenorientierte Unternehmen z\u00e4hlt zu den<\/span> <span dir=\"ltr\" role=\"presentation\">gr\u00f6\u00dften Bauunternehmen Europas und hat<\/span> <span dir=\"ltr\" role=\"presentation\">s<\/span><span dir=\"ltr\" role=\"presentation\">einen deutschen Hauptsitz in K\u00f6ln bzw. einen<\/span><br role=\"presentation\" \/><span dir=\"ltr\" role=\"presentation\">\u00f6sterreichischen Hauptsitz in Wien. Zun\u00e4chst begann das Unternehmen 1866 unter dem Namen Remy<\/span> <span dir=\"ltr\" role=\"presentation\">und Reifenrath in Herborn und fertigte Eisenkonstruktionen sowie landwirtschaftliche Ger\u00e4te und<\/span> <span dir=\"ltr\" role=\"presentation\">Maschinen<\/span> <span dir=\"ltr\" role=\"presentation\">\u2013<\/span> <span dir=\"ltr\" role=\"presentation\">konstruie<\/span><span dir=\"ltr\" role=\"presentation\">rt und entworfen durch Reifenrath. Bereits 1882 besa\u00df das Unternehmen zwei<\/span> <span dir=\"ltr\" role=\"presentation\">Dampfwalzen f\u00fcr den Stra\u00dfenbau sowie landwirtschaftliche Ger\u00e4te, die in benachbarte Gemeinden<\/span> <span dir=\"ltr\" role=\"presentation\">verliehen wurden. Im Jahr 1923 wurde die Stra\u00dfenbau<\/span><span dir=\"ltr\" role=\"presentation\">&#8211;<\/span><span dir=\"ltr\" role=\"presentation\">Actien<\/span><span dir=\"ltr\" role=\"presentation\">&#8211;<\/span><span dir=\"ltr\" role=\"presentation\">Gesellschaft Niederlahnstein<\/span> <span dir=\"ltr\" role=\"presentation\">(<\/span><span dir=\"ltr\" role=\"presentation\">kurz<\/span><\/span> <span id=\"page39R_mcid0\" class=\"markedContent\"><span dir=\"ltr\" role=\"presentation\">Strabag) gegr\u00fcndet. Schon sechs<\/span> <span dir=\"ltr\" role=\"presentation\">Jahre sp\u00e4ter besch\u00e4ftigte das Unternehmen ca. 1400 Mitarbeiter und<\/span> <span dir=\"ltr\" role=\"presentation\">verlegte<\/span> <span dir=\"ltr\" role=\"presentation\">bald<\/span> <span dir=\"ltr\" role=\"presentation\">den Firmensitz nach K\u00f6ln. Heute ist Strabag europaweit t\u00e4tig und hat auch Gro\u00dfprojekte<\/span> <span dir=\"ltr\" role=\"presentation\">im weiteren Ausland.<\/span><\/span><span id=\"page39R_mcid1\" class=\"markedContent\"><\/span><\/p>\n<hr \/>\n<p><span class=\"markedContent\"><a href=\"http:\/\/mikanews.net\/wp-content\/uploads\/2022\/02\/52622.jpg\" rel=\"lightbox[11203]\"><img loading=\"lazy\" decoding=\"async\" class=\"aligncenter size-medium wp-image-11258\" src=\"http:\/\/mikanews.net\/wp-content\/uploads\/2022\/02\/52622-300x158.jpg\" alt=\"\" width=\"300\" height=\"158\" srcset=\"http:\/\/mikanews.net\/wp-content\/uploads\/2022\/02\/52622-300x158.jpg 300w, http:\/\/mikanews.net\/wp-content\/uploads\/2022\/02\/52622-768x404.jpg 768w, http:\/\/mikanews.net\/wp-content\/uploads\/2022\/02\/52622.jpg 850w\" sizes=\"auto, (max-width: 300px) 100vw, 300px\" \/><\/a><\/span><\/p>\n<hr \/>\n<p><strong><span id=\"page39R_mcid2\" class=\"markedContent\"><span dir=\"ltr\" role=\"presentation\">VW 181 Kurierwagen<\/span><\/span><\/strong><span id=\"page39R_mcid3\" class=\"markedContent\"><br role=\"presentation\" \/><span dir=\"ltr\" role=\"presentation\">Eigentlich begann der zun\u00e4chst ausschlie\u00dflich f\u00fcr die Bundeswehr produzierte Gel\u00e4ndewagen als<\/span> <span dir=\"ltr\" role=\"presentation\">\u00bbL\u00fcckenb\u00fc\u00dfer\u00ab seine Karriere. Als der DKW Munga zum Jahresende 1968 auslief und die<\/span><br role=\"presentation\" \/><span dir=\"ltr\" role=\"presentation\">Gemeinschaftsentwicklungen f\u00fcr den Europa<\/span><span dir=\"ltr\" role=\"presentation\">&#8211;<\/span><span dir=\"ltr\" role=\"presentation\">Jeep zwischen Fr<\/span><span dir=\"ltr\" role=\"presentation\">ankreich, Italien und Deutschland \u00fcber<\/span> <span dir=\"ltr\" role=\"presentation\">die Planungsphase nicht hinauskamen, musste dringend ein Ersatz her. Auf der Suche nach Alternativen<\/span> <span dir=\"ltr\" role=\"presentation\">fiel die Wahl auf VW. Die Basis bildete der VW K\u00e4fer, der sich aber nur bedingt gel\u00e4ndetauglich<\/span> <span dir=\"ltr\" role=\"presentation\">weiterkonstruieren l<\/span><span dir=\"ltr\" role=\"presentation\">ie\u00df. So st\u00fctzte man sich auf den Country Buggy und orientierte sich am VW Typ 82<\/span> <span dir=\"ltr\" role=\"presentation\">(K\u00fcbelwagen), den die Ingenieure f\u00fcr den Zweiten Weltkrieg konzipierten. Den<\/span> <span dir=\"ltr\" role=\"presentation\">Zentralrohr<\/span><span dir=\"ltr\" role=\"presentation\">&#8211;<\/span><span dir=\"ltr\" role=\"presentation\">Plattformrahmen bildete die in wenigen Punkten ver\u00e4nderte Plattform des Karman Ghia<\/span><br role=\"presentation\" \/><span dir=\"ltr\" role=\"presentation\">Ty<\/span><span dir=\"ltr\" role=\"presentation\">p 14 und im Bereich der Technik griff man auf die bereits erprobte und robuste Technik des VW<\/span> <span dir=\"ltr\" role=\"presentation\">K\u00e4fers 1500 zur\u00fcck, wie beispielsweise der luftgek\u00fchlte 1,5<\/span><span dir=\"ltr\" role=\"presentation\">&#8211;<\/span><span dir=\"ltr\" role=\"presentation\">Liter<\/span><span dir=\"ltr\" role=\"presentation\">&#8211;<\/span><span dir=\"ltr\" role=\"presentation\">Boxermotor mit 44 PS (32 kW),<\/span><br role=\"presentation\" \/><span dir=\"ltr\" role=\"presentation\">Instrumente, Lenkung, Kupplung sowie der 40<\/span><span dir=\"ltr\" role=\"presentation\">&#8211;<\/span><span dir=\"ltr\" role=\"presentation\">Liter<\/span><span dir=\"ltr\" role=\"presentation\">&#8211;<\/span><span dir=\"ltr\" role=\"presentation\">Tank. Im Septemb<\/span><span dir=\"ltr\" role=\"presentation\">er 1969 war es dann soweit,<\/span> <span dir=\"ltr\" role=\"presentation\">w\u00e4hrend der IAA pr\u00e4sentierte man den VW181 als neues Milit\u00e4rfahrzeug. Die Form des urspr\u00fcnglichen<\/span> <span dir=\"ltr\" role=\"presentation\">K\u00fcbelwagens wurde jedoch nur geringf\u00fcgig ge\u00e4ndert. Er erschien etwas moderner<\/span><span dir=\"ltr\" role=\"presentation\">,<\/span> <span dir=\"ltr\" role=\"presentation\">daf\u00fcr aber schwerer<\/span> <span dir=\"ltr\" role=\"presentation\">und gr\u00f6\u00dfer. Bewusst vermied man<\/span> <span dir=\"ltr\" role=\"presentation\">die Bezeichnung K\u00fcbelwagen, damit eine direkte Verbindung zum<\/span> <span dir=\"ltr\" role=\"presentation\">urspr\u00fcnglichen Wehrmachtsfahrzeug nicht aufkommen sollte<\/span><span dir=\"ltr\" role=\"presentation\">. De<\/span><span dir=\"ltr\" role=\"presentation\">nnoch erhielt der neue \u00bbKurierwagen\u00ab<\/span> <span dir=\"ltr\" role=\"presentation\">unter den Soldaten recht schn<\/span><span dir=\"ltr\" role=\"presentation\">ell seinen Spitznamen \u00bbK\u00fcbel\u00ab.<\/span> <span dir=\"ltr\" role=\"presentation\">Damit die Insassen bei schlechtem We<\/span><span dir=\"ltr\" role=\"presentation\">tter<\/span> <span dir=\"ltr\" role=\"presentation\">oder im Winter im 115 km\/h schnellen Kurierwagen gesch\u00fctzt<\/span> <span dir=\"ltr\" role=\"presentation\">blieben<\/span><span dir=\"ltr\" role=\"presentation\">,<\/span> <span dir=\"ltr\" role=\"presentation\">konnten<\/span> <span dir=\"ltr\" role=\"presentation\">ein ungef\u00fcttertes<\/span> <span dir=\"ltr\" role=\"presentation\">Allwetter<\/span><span dir=\"ltr\" role=\"presentation\">&#8211;<\/span><span dir=\"ltr\" role=\"presentation\">Verdeck (ein Polyvinylchlorid<\/span><span dir=\"ltr\" role=\"presentation\">&#8211;<\/span><span dir=\"ltr\" role=\"presentation\">Bezug) und Einsteckscheiben aus Polyglas<\/span> <span dir=\"ltr\" role=\"presentation\">(zum<\/span> <span dir=\"ltr\" role=\"presentation\">nach vorn<\/span> <span dir=\"ltr\" role=\"presentation\">K<\/span><span dir=\"ltr\" role=\"presentation\">lapp<\/span><span dir=\"ltr\" role=\"presentation\">en<\/span> <span dir=\"ltr\" role=\"presentation\">und mittels zweier Druckkn\u00f6pfe<\/span> <span dir=\"ltr\" role=\"presentation\">zu<\/span> <span dir=\"ltr\" role=\"presentation\">arretier<\/span><span dir=\"ltr\" role=\"presentation\">en)<\/span> <span dir=\"ltr\" role=\"presentation\">befesti<\/span><span dir=\"ltr\" role=\"presentation\">gt werden<\/span><span dir=\"ltr\" role=\"presentation\">.<\/span> <span dir=\"ltr\" role=\"presentation\">Das Modell des kantigen<\/span> <span dir=\"ltr\" role=\"presentation\">Allraders in K\u00fcbelform pr\u00e4sentiert sich mit haarscharfen Konturen und liebevollen Details.<\/span><\/span><span id=\"page39R_mcid4\" class=\"markedContent\"><\/span><span id=\"page39R_mcid5\" class=\"markedContent\"> <\/span><\/p>\n<p><span id=\"page39R_mcid5\" class=\"markedContent\"><strong><span dir=\"ltr\" role=\"presentation\">52705 VW 181 Kurierwagen, offen<\/span><span dir=\"ltr\" role=\"presentation\">,<\/span> <span dir=\"ltr\" role=\"presentation\">mit Alufelgen, o<\/span><span dir=\"ltr\" role=\"presentation\">range<\/span> <span dir=\"ltr\" role=\"presentation\">\u20ac 18<\/span><span dir=\"ltr\" role=\"presentation\">,99<\/span><\/strong><\/span><span id=\"page39R_mcid6\" class=\"markedContent\"><br role=\"presentation\" \/><span dir=\"ltr\" role=\"presentation\">Der damals in Deutschland mit milit\u00e4rischen Aufgaben betraute<\/span> <span dir=\"ltr\" role=\"presentation\">VW 181 finde<\/span><span dir=\"ltr\" role=\"presentation\">t nun auch den Weg in<\/span> <span dir=\"ltr\" role=\"presentation\">die Tuner<\/span><span dir=\"ltr\" role=\"presentation\">&#8211;<\/span><span dir=\"ltr\" role=\"presentation\">Szene<\/span><span dir=\"ltr\" role=\"presentation\">. Gro\u00dfe Alufelgen und Umbau auf fette Scheibenbremsen zieh<\/span><span dir=\"ltr\" role=\"presentation\">en<\/span> <span dir=\"ltr\" role=\"presentation\">die Blicke auf sich.<\/span> <span dir=\"ltr\" role=\"presentation\">Und<\/span> <span dir=\"ltr\" role=\"presentation\">au\u00dferdem:<\/span> <span dir=\"ltr\" role=\"presentation\">ein knalliges Orange<\/span> <span dir=\"ltr\" role=\"presentation\">sieht<\/span> <span dir=\"ltr\" role=\"presentation\">doch<\/span> <span dir=\"ltr\" role=\"presentation\">auf jeden Fall besser aus als<\/span> <span dir=\"ltr\" role=\"presentation\">das<\/span> <span dir=\"ltr\" role=\"presentation\">NATO Oliv<\/span><span dir=\"ltr\" role=\"presentation\">, oder?<\/span><\/span><span id=\"page39R_mcid7\" class=\"markedContent\"><\/span><\/p>\n<hr \/>\n<p><span class=\"markedContent\"><a href=\"http:\/\/mikanews.net\/wp-content\/uploads\/2022\/02\/52705.jpg\" rel=\"lightbox[11203]\"><img loading=\"lazy\" decoding=\"async\" class=\"aligncenter size-medium wp-image-11259\" src=\"http:\/\/mikanews.net\/wp-content\/uploads\/2022\/02\/52705-300x142.jpg\" alt=\"\" width=\"300\" height=\"142\" srcset=\"http:\/\/mikanews.net\/wp-content\/uploads\/2022\/02\/52705-300x142.jpg 300w, http:\/\/mikanews.net\/wp-content\/uploads\/2022\/02\/52705-768x364.jpg 768w, http:\/\/mikanews.net\/wp-content\/uploads\/2022\/02\/52705.jpg 850w\" sizes=\"auto, (max-width: 300px) 100vw, 300px\" \/><\/a><\/span><\/p>\n<hr \/>\n<p><strong><span id=\"page39R_mcid8\" class=\"markedContent\"><span dir=\"ltr\" role=\"presentation\">52706 VW 181 Kurierwagen, geschlossen<\/span><span dir=\"ltr\" role=\"presentation\">,<\/span> <span dir=\"ltr\" role=\"presentation\">mit Alufelgen,<\/span> <span dir=\"ltr\" role=\"presentation\">w<\/span><span dir=\"ltr\" role=\"presentation\">einr<\/span><span dir=\"ltr\" role=\"presentation\">ot<\/span> <span dir=\"ltr\" role=\"presentation\">\u20ac 18<\/span><span dir=\"ltr\" role=\"presentation\">,99<\/span><\/span><\/strong><span id=\"page39R_mcid9\" class=\"markedContent\"><br role=\"presentation\" \/><span dir=\"ltr\" role=\"presentation\">Ein anderer Tuning<\/span><span dir=\"ltr\" role=\"presentation\">&#8211;<\/span><span dir=\"ltr\" role=\"presentation\">F<\/span><span dir=\"ltr\" role=\"presentation\">reund verpasste dem Kurierwagen Aluminiumfelgen von Audi<\/span><span dir=\"ltr\" role=\"presentation\">. Er<\/span> <span dir=\"ltr\" role=\"presentation\">f\u00e4hrt lieber<\/span> <span dir=\"ltr\" role=\"presentation\">geschlossen durch die Gegend in seinem<\/span> <span dir=\"ltr\" role=\"presentation\">auf<\/span><span dir=\"ltr\" role=\"presentation\">gepimpten VW.<\/span><\/span><span id=\"page39R_mcid10\" class=\"markedContent\"><\/span><\/p>\n<hr \/>\n<p><span class=\"markedContent\"><a href=\"http:\/\/mikanews.net\/wp-content\/uploads\/2022\/02\/52706.jpg\" rel=\"lightbox[11203]\"><img loading=\"lazy\" decoding=\"async\" class=\"aligncenter size-medium wp-image-11260\" src=\"http:\/\/mikanews.net\/wp-content\/uploads\/2022\/02\/52706-300x163.jpg\" alt=\"\" width=\"300\" height=\"163\" srcset=\"http:\/\/mikanews.net\/wp-content\/uploads\/2022\/02\/52706-300x163.jpg 300w, http:\/\/mikanews.net\/wp-content\/uploads\/2022\/02\/52706-768x418.jpg 768w, http:\/\/mikanews.net\/wp-content\/uploads\/2022\/02\/52706.jpg 850w\" sizes=\"auto, (max-width: 300px) 100vw, 300px\" \/><\/a><\/span><\/p>\n<hr \/>\n<p><strong><span id=\"page39R_mcid11\" class=\"markedContent\"><span dir=\"ltr\" role=\"presentation\">52822 Ford Ranger mit B\u00fcgel, Bun<\/span><span dir=\"ltr\" role=\"presentation\">despolizei<\/span> <span dir=\"ltr\" role=\"presentation\">\u20ac<\/span> <span dir=\"ltr\" role=\"presentation\">32<\/span><span dir=\"ltr\" role=\"presentation\">,<\/span><span dir=\"ltr\" role=\"presentation\">4<\/span><span dir=\"ltr\" role=\"presentation\">9<\/span><\/span><\/strong><span id=\"page39R_mcid12\" class=\"markedContent\"><br role=\"presentation\" \/><span dir=\"ltr\" role=\"presentation\">Interessanter Pick<\/span><span dir=\"ltr\" role=\"presentation\">&#8211;<\/span><span dir=\"ltr\" role=\"presentation\">up der Bundespolizei mit \u00dcberrollb\u00fcgel und Ladefl\u00e4chenabdeckung in markantem<\/span> <span dir=\"ltr\" role=\"presentation\">neuen Design. Das Fahrzeug<\/span> <span dir=\"ltr\" role=\"presentation\">mit seiner aufwendigen Bedruckung<\/span> <span dir=\"ltr\" role=\"presentation\">wird haupts\u00e4chlich zu Werbezwecken<\/span> <span dir=\"ltr\" role=\"presentation\">der Bundespolizei eingesetzt.<\/span><\/span><span id=\"page39R_mcid13\" class=\"markedContent\"><\/span><\/p>\n<hr \/>\n<p><span class=\"markedContent\"><a href=\"http:\/\/mikanews.net\/wp-content\/uploads\/2022\/02\/52822.jpg\" rel=\"lightbox[11203]\"><img loading=\"lazy\" decoding=\"async\" class=\"aligncenter size-medium wp-image-11261\" src=\"http:\/\/mikanews.net\/wp-content\/uploads\/2022\/02\/52822-300x143.jpg\" alt=\"\" width=\"300\" height=\"143\" srcset=\"http:\/\/mikanews.net\/wp-content\/uploads\/2022\/02\/52822-300x143.jpg 300w, http:\/\/mikanews.net\/wp-content\/uploads\/2022\/02\/52822-768x366.jpg 768w, http:\/\/mikanews.net\/wp-content\/uploads\/2022\/02\/52822.jpg 850w\" sizes=\"auto, (max-width: 300px) 100vw, 300px\" \/><\/a><\/span><\/p>\n<hr \/>\n<p><strong><span id=\"page39R_mcid14\" class=\"markedContent\"><span dir=\"ltr\" role=\"presentation\">52825 F<\/span><span dir=\"ltr\" role=\"presentation\">ord Ranger Hardtop, Feuerwehr Freiberg<\/span> <span dir=\"ltr\" role=\"presentation\">\u20ac 25<\/span><span dir=\"ltr\" role=\"presentation\">,99<\/span><\/span><\/strong><span id=\"page39R_mcid15\" class=\"markedContent\"><br role=\"presentation\" \/><span dir=\"ltr\" role=\"presentation\">Feuerwehrroter Kommandowagen (KdoW) der s\u00e4chsischen Stadt Freiberg. Er dient vorwiegend der<\/span> <span dir=\"ltr\" role=\"presentation\">Einsatzleitung zur Anfahrt sowie zur Erkundung von Einsatzstellen.<\/span><\/span><span id=\"page39R_mcid16\" class=\"markedContent\"><\/span><\/p>\n<hr \/>\n<p><span class=\"markedContent\"><a href=\"http:\/\/mikanews.net\/wp-content\/uploads\/2022\/02\/52825.jpg\" rel=\"lightbox[11203]\"><img loading=\"lazy\" decoding=\"async\" class=\"aligncenter size-medium wp-image-11262\" src=\"http:\/\/mikanews.net\/wp-content\/uploads\/2022\/02\/52825-300x141.jpg\" alt=\"\" width=\"300\" height=\"141\" srcset=\"http:\/\/mikanews.net\/wp-content\/uploads\/2022\/02\/52825-300x141.jpg 300w, http:\/\/mikanews.net\/wp-content\/uploads\/2022\/02\/52825-768x361.jpg 768w, http:\/\/mikanews.net\/wp-content\/uploads\/2022\/02\/52825.jpg 850w\" sizes=\"auto, (max-width: 300px) 100vw, 300px\" \/><\/a><\/span><\/p>\n<hr \/>\n<p><strong><span id=\"page39R_mcid17\" class=\"markedContent\"><span dir=\"ltr\" role=\"presentation\">52826 Ford Ranger Hardtop, Gendarmerie<\/span> <span dir=\"ltr\" role=\"presentation\">\u20ac 25<\/span><span dir=\"ltr\" role=\"presentation\">,99<\/span><\/span><\/strong><span class=\"markedContent\"><br role=\"presentation\" \/><span dir=\"ltr\" role=\"presentation\">Dunkelblaues Einsatzfahrzeug der franz\u00f6sischen Gendarmerie mit auff\u00e4lligem Front<\/span><span dir=\"ltr\" role=\"presentation\">&#8211;<\/span> <span dir=\"ltr\" role=\"presentation\">und Heckdruck<\/span> <span dir=\"ltr\" role=\"presentation\">mit leuchtgelb<\/span><span dir=\"ltr\" role=\"presentation\">&#8211;<\/span><span dir=\"ltr\" role=\"presentation\">\/rotgestreifter Warnmarkierung.<\/span><\/span><\/p>\n<hr \/>\n<p><span class=\"markedContent\"><span dir=\"ltr\" role=\"presentation\"><a href=\"http:\/\/mikanews.net\/wp-content\/uploads\/2022\/02\/52826.jpg\" rel=\"lightbox[11203]\"><img loading=\"lazy\" decoding=\"async\" class=\"aligncenter size-medium wp-image-11263\" src=\"http:\/\/mikanews.net\/wp-content\/uploads\/2022\/02\/52826-300x149.jpg\" alt=\"\" width=\"300\" height=\"149\" srcset=\"http:\/\/mikanews.net\/wp-content\/uploads\/2022\/02\/52826-300x149.jpg 300w, http:\/\/mikanews.net\/wp-content\/uploads\/2022\/02\/52826-768x381.jpg 768w, http:\/\/mikanews.net\/wp-content\/uploads\/2022\/02\/52826.jpg 850w\" sizes=\"auto, (max-width: 300px) 100vw, 300px\" \/><\/a><\/span><\/span><\/p>\n<hr \/>\n<p><strong><span id=\"page41R_mcid0\" class=\"markedContent\"><span dir=\"ltr\" role=\"presentation\">VW K\u00e4fer<\/span><\/span><\/strong><span id=\"page41R_mcid1\" class=\"markedContent\"><br role=\"presentation\" \/><span dir=\"ltr\" role=\"presentation\">Er l\u00e4uft und l\u00e4uft und l\u00e4uft&#8230; Seit \u00fcber 60 Jahren rollt der K\u00e4<\/span><span dir=\"ltr\" role=\"presentation\">fer auf allen Stra\u00dfen der Welt. Seine<\/span> <span dir=\"ltr\" role=\"presentation\">Geschichte beginnt 1931, da hatte bereits das Konstruktionsb\u00fcro von Ferdinand Porsche eine<\/span><br role=\"presentation\" \/><span dir=\"ltr\" role=\"presentation\">stromlinienf\u00f6rmige Limousine entwickelt. Nachdem weder Z\u00fcndapp noch NSU sich f\u00fcr eine<\/span> <span dir=\"ltr\" role=\"presentation\">Produktion entscheiden konnten, bekam Por<\/span><span dir=\"ltr\" role=\"presentation\">sche den Auftrag, einen \u00bbVolkswagen\u00ab zu entwickeln.<\/span><br role=\"presentation\" \/><span dir=\"ltr\" role=\"presentation\">Mercedes wurde beauftragt, eine erste Probe<\/span><span dir=\"ltr\" role=\"presentation\">&#8211;<\/span><span dir=\"ltr\" role=\"presentation\">Serie von 30 St\u00fcck zu bauen. Erst viele Jahre sp\u00e4ter wurde<\/span> <span dir=\"ltr\" role=\"presentation\">bekannt, dass Porsche nicht der einzige geistige Vater des K\u00e4fers war, denn bereits 1925 besch\u00e4ftigte<\/span> <span dir=\"ltr\" role=\"presentation\">sich schon B\u00e9la Bar\u00e9nyi mit einem buckligen Auto mit im Heck ins<\/span><span dir=\"ltr\" role=\"presentation\">talliertem, luftgek\u00fchltem<\/span> <span dir=\"ltr\" role=\"presentation\">Boxer<\/span><span dir=\"ltr\" role=\"presentation\">motor. Auch Hans Ledwinka konstruierte f\u00fcr die tschechischen Tatra<\/span><span dir=\"ltr\" role=\"presentation\">&#8211;<\/span><span dir=\"ltr\" role=\"presentation\">Werke einen ganz<\/span> <span dir=\"ltr\" role=\"presentation\">\u00e4hnlichen Prototypen<\/span> <span dir=\"ltr\" role=\"presentation\">\u2013<\/span> <span dir=\"ltr\" role=\"presentation\">beide Urheberschaften wurden erst viele Jahre sp\u00e4ter<\/span> <span dir=\"ltr\" role=\"presentation\">anerkannt und mit hohen<\/span> <span dir=\"ltr\" role=\"presentation\">Entsch\u00e4digungen von VW ausgeglichen.<\/span><\/span><span id=\"page41R_mcid2\" class=\"markedContent\"><\/span><span id=\"page41R_mcid3\" class=\"markedContent\"> <span dir=\"ltr\" role=\"presentation\">Angesichts der positiven Bewertung des K\u00e4fers beschloss die damalige Regierung die Errichtung eines<\/span> <span dir=\"ltr\" role=\"presentation\">Volkswagen<\/span><span dir=\"ltr\" role=\"presentation\">&#8211;<\/span><span dir=\"ltr\" role=\"presentation\">Werkes und so geht der Ursprung der Stadt Wolfsburg tats\u00e4chlich auf den 1938<\/span> <span dir=\"ltr\" role=\"presentation\">gegr\u00fcn<\/span><span dir=\"ltr\" role=\"presentation\">deten Autohersteller VW zur\u00fcck. Zun\u00e4chst gab es in der eher landwirtschaftlich gepr\u00e4gten<\/span> <span dir=\"ltr\" role=\"presentation\">Gegend im Osten Niedersachsens nur ein paar kleinere D\u00f6rfer. Durch die Gr\u00fcndung des Werkes wuchs<\/span> <span dir=\"ltr\" role=\"presentation\">die Stadt<\/span> <span dir=\"ltr\" role=\"presentation\">\u2013<\/span> <span dir=\"ltr\" role=\"presentation\">Stadt des KdF<\/span><span dir=\"ltr\" role=\"presentation\">&#8211;<\/span><span dir=\"ltr\" role=\"presentation\">Wagens (Kraft durch Freude) bei Fallersleben<\/span> <span dir=\"ltr\" role=\"presentation\">\u2013<\/span> <span dir=\"ltr\" role=\"presentation\">bald auf 100.000 Einwohner,<\/span> <span dir=\"ltr\" role=\"presentation\">und wer heute Wolfsburg h\u00f6rt, denkt automatisch an Volkswagen.<\/span><\/span><span id=\"page41R_mcid4\" class=\"markedContent\"><\/span><span id=\"page41R_mcid5\" class=\"markedContent\"> <span dir=\"ltr\" role=\"presentation\">Die wenigen Autos, die bis Kriegsende gebaut wurden, gingen jedoch nur an wenige Privilegierte und<\/span> <span dir=\"ltr\" role=\"presentation\">nicht an die breite Bev\u00f6lkerung. W\u00e4hrend des Krieges wurden a<\/span><span dir=\"ltr\" role=\"presentation\">usschlie\u00dflich Milit\u00e4rfahrzeuge gebaut.<\/span> <span dir=\"ltr\" role=\"presentation\">Nach dem Krieg war das nur wenige Kilometer von der sowjetischen Besatzungszone entfernte Werk<\/span> <span dir=\"ltr\" role=\"presentation\">zu 85 Prozent zerst\u00f6rt. Die englische Besatzung wusste nicht, was sie mit dem Projekt Volkswagen<\/span> <span dir=\"ltr\" role=\"presentation\">anfangen sollte. Daher be<\/span><span dir=\"ltr\" role=\"presentation\">suchten zun\u00e4chst im Herbst 1945 drei Ingenieure von Ford England das Werk<\/span> <span dir=\"ltr\" role=\"presentation\">in Wolfsburg und fuhren mit einem VW auf einer Stra\u00dfe \u00fcbers\u00e4t mit Schlagl\u00f6chern. Trotz des Lobes<\/span> <span dir=\"ltr\" role=\"presentation\">milit\u00e4rischer Landsleute, die den Volkswagen als wunderbares Fahrzeug r\u00fchmten, kamen<\/span> <span dir=\"ltr\" role=\"presentation\">sie dennoch<\/span> <span dir=\"ltr\" role=\"presentation\">zu einem negativen Urteil. Auch die Tests der Automobilindustrie an zwei Fahrzeugen, die Ende 1946<\/span> <span dir=\"ltr\" role=\"presentation\">nach England gebracht wurden, fielen negativ aus. Am Ende bot man<\/span><span dir=\"ltr\" role=\"presentation\">,<\/span> <span dir=\"ltr\" role=\"presentation\">zu einem Symbolpreis von nur<\/span> <span dir=\"ltr\" role=\"presentation\">einem Dollar, Henry Ford II. das Werk an. Doch au<\/span><span dir=\"ltr\" role=\"presentation\">ch dort lehnte der Konzernchef das Projekt ab, da es<\/span> <span dir=\"ltr\" role=\"presentation\">durch die britische Rootes<\/span><span dir=\"ltr\" role=\"presentation\">&#8211;<\/span><span dir=\"ltr\" role=\"presentation\">Group eine Negativbewertung erhielt mit den Worten \u00bbdas Projekt w\u00e4re<\/span> <span dir=\"ltr\" role=\"presentation\">keinen Heller wert\u00ab!<\/span><\/span><span id=\"page41R_mcid6\" class=\"markedContent\"><\/span><span id=\"page41R_mcid7\" class=\"markedContent\"><br role=\"presentation\" \/><span dir=\"ltr\" role=\"presentation\">So gr\u00fc<\/span><span dir=\"ltr\" role=\"presentation\">ndete man eine GmbH, die einer Treuhand<\/span><span dir=\"ltr\" role=\"presentation\">&#8211;<\/span><span dir=\"ltr\" role=\"presentation\">Gesellschaft geh\u00f6rte, die wiederum anfangs der<\/span> <span dir=\"ltr\" role=\"presentation\">Besatzungsmacht unterstand. Sp\u00e4ter ging diese Treuhand<\/span><span dir=\"ltr\" role=\"presentation\">&#8211;<\/span><span dir=\"ltr\" role=\"presentation\">Gesellschaft in die neu gegr\u00fcndete<\/span><br role=\"presentation\" \/><span dir=\"ltr\" role=\"presentation\">Bundesrepublik Deutschland (West) \u00fcber und gab die Aufsicht an das neue Bundesl<\/span><span dir=\"ltr\" role=\"presentation\">and Niedersachsen<\/span> <span dir=\"ltr\" role=\"presentation\">weiter. Schlussendlich suchte Ivan Hirst, Offizier der britischen Kontrollkommission und<\/span><br role=\"presentation\" \/><span dir=\"ltr\" role=\"presentation\">kommissarischer Leiter der Volkswagenwerke GmbH, einen technischen Leiter f\u00fcr das Werk, den er in<\/span> <span dir=\"ltr\" role=\"presentation\">Heinz Nordhoff fand. Obwohl anfangs eine Expertenko<\/span><span dir=\"ltr\" role=\"presentation\">mmission der Alliierten (nach gescheiterter<\/span> <span dir=\"ltr\" role=\"presentation\">\u00dcbergabe an Ford) dem K\u00e4fer keine wirtschaftliche Zukunft bescheinigt hatte, begann nach \u00dcbergabe<\/span> <span dir=\"ltr\" role=\"presentation\">an die Firma Heinz Nordhoff bereits 1945 das Montageband wieder zu laufen<\/span> <span dir=\"ltr\" role=\"presentation\">&#8211;<\/span> <span dir=\"ltr\" role=\"presentation\">anf\u00e4nglich noch relativ<\/span> <span dir=\"ltr\" role=\"presentation\">langsam. Diese<\/span><span dir=\"ltr\" role=\"presentation\">r Zustand sollte sich jedoch bald \u00e4ndern. Nordhoff machte einen Erfolg aus dem<\/span> <span dir=\"ltr\" role=\"presentation\">Volkswagen, und in den folgenden Jahren gingen die Produktionszahlen unaufh\u00f6rlich steil in die H\u00f6he.<\/span> <span dir=\"ltr\" role=\"presentation\">So verlie\u00dfen Ende 1946 mehr als 10.000 Autos das Werk.<\/span><\/span><span id=\"page41R_mcid8\" class=\"markedContent\"><\/span><span id=\"page41R_mcid9\" class=\"markedContent\"> <span dir=\"ltr\" role=\"presentation\">Um dem Geschmack au<\/span><span dir=\"ltr\" role=\"presentation\">sl\u00e4ndischer Kunden entgegenzukommen, wurde neben dem Standa<\/span><span dir=\"ltr\" role=\"presentation\">rd<\/span><span dir=\"ltr\" role=\"presentation\">&#8211;<\/span><span dir=\"ltr\" role=\"presentation\">Modell im<\/span><br role=\"presentation\" \/><span dir=\"ltr\" role=\"presentation\">Juli 1949 ein aufwe<\/span><span dir=\"ltr\" role=\"presentation\">ndigeres \u00bbExport<\/span><span dir=\"ltr\" role=\"presentation\">&#8211;<\/span><span dir=\"ltr\" role=\"presentation\">Modell\u00ab vorgestellt. Das \u00e4u\u00dfere Erscheinungsbild hob sich durch<\/span> <span dir=\"ltr\" role=\"presentation\">eine Hochglanzlackierung und reichhaltige Verchromungen von den Standard<\/span><span dir=\"ltr\" role=\"presentation\">&#8211;<\/span><span dir=\"ltr\" role=\"presentation\">Modellen ab<\/span><span dir=\"ltr\" role=\"presentation\">. Ab M\u00e4rz<\/span> <span dir=\"ltr\" role=\"presentation\">1953 l\u00f6ste dann ein ovales Fenster ohne senkrechten Steg das \u00bbBrezelfenster\u00ab ab. Am 5. August 1955<\/span> <span dir=\"ltr\" role=\"presentation\">rollte der einmillionste K\u00e4fer vom Band und stand symbolisch f\u00fcr den wirtschaftlichen Aufschwung im<\/span> <span dir=\"ltr\" role=\"presentation\">Land. Das urspr\u00fcnglich als Stigma gedachte \u00bbMad<\/span><span dir=\"ltr\" role=\"presentation\">e in Germany\u00ab wurde zum Qualit\u00e4tssiegel, so wurde<\/span> <span dir=\"ltr\" role=\"presentation\">vor allem in den Vereinigten Staaten der \u00bbBeetle\u00ab ein Riesenerfolg.<\/span><\/span><\/p>\n<p><span id=\"page43R_mcid0\" class=\"markedContent\"><span dir=\"ltr\" role=\"presentation\">Die Produktionsspitze wurde am 17. Februar 1972 erreicht. Mit 15.007.034<\/span> <span dir=\"ltr\" role=\"presentation\">produzierten Fahrzeugen<\/span> <span dir=\"ltr\" role=\"presentation\">war der K\u00e4fer neuer \u00bbWeltmeister\u00ab und w<\/span><span dir=\"ltr\" role=\"presentation\">urde damit zum erfolgreichsten Auto, vor dem bisherigen<\/span> <span dir=\"ltr\" role=\"presentation\">Rekordhalter Ford T. Im Januar 1978 lief der letzte Volkswagen<\/span><span dir=\"ltr\" role=\"presentation\">&#8211;<\/span><span dir=\"ltr\" role=\"presentation\">K\u00e4fer deutscher Fertigung in<\/span> <span dir=\"ltr\" role=\"presentation\">Emden\/Osnabr\u00fcck vom Band. Danach wurde die K\u00e4fer<\/span><span dir=\"ltr\" role=\"presentation\">&#8211;<\/span><span dir=\"ltr\" role=\"presentation\">Fertigung ausschlie\u00dflich ins Ausland verlegt.<\/span> <span dir=\"ltr\" role=\"presentation\">1985 endete d<\/span><span dir=\"ltr\" role=\"presentation\">er Import des Mexiko<\/span><span dir=\"ltr\" role=\"presentation\">&#8211;<\/span><span dir=\"ltr\" role=\"presentation\">K\u00e4fers nach Deutschland.<\/span><\/span><span id=\"page43R_mcid1\" class=\"markedContent\"><\/span><span id=\"page43R_mcid2\" class=\"markedContent\"> <span dir=\"ltr\" role=\"presentation\">Das Remake des Modells in 1:87 dieses Kultfahrzeugs war \u00fcberf\u00e4llig. So wurde das Vorbild (aus der<\/span> <span dir=\"ltr\" role=\"presentation\">Wirtschaftswunderzeit) im aufw<\/span><span dir=\"ltr\" role=\"presentation\">e<\/span><span dir=\"ltr\" role=\"presentation\">ndigen Laserverfahren neu vermessen, um die recht schwierige<\/span> <span dir=\"ltr\" role=\"presentation\">Karosserieform gen<\/span><span dir=\"ltr\" role=\"presentation\">au en miniature nachbilden zu k\u00f6nnen. Beachtenswert sind auch die hellen edlen<\/span> <span dir=\"ltr\" role=\"presentation\">Scheinwerfer, die nach neusten Standards gefertigt wurden und feinste verchromte Scheinwerferringe<\/span> <span dir=\"ltr\" role=\"presentation\">besitzen.<\/span><\/span><span id=\"page43R_mcid3\" class=\"markedContent\"><\/span><span id=\"page43R_mcid4\" class=\"markedContent\"><\/span><\/p>\n<p><strong><span id=\"page43R_mcid4\" class=\"markedContent\"><span dir=\"ltr\" role=\"presentation\">52950 VW K\u00e4fer mit Ovalfenster,<\/span> <span dir=\"ltr\" role=\"presentation\">h<\/span><span dir=\"ltr\" role=\"presentation\">ellb<\/span><span dir=\"ltr\" role=\"presentation\">lau<\/span> <span dir=\"ltr\" role=\"presentation\">\u20ac 16<\/span><span dir=\"ltr\" role=\"presentation\">,99<\/span><\/span><span id=\"page43R_mcid5\" class=\"markedContent\"><\/span><\/strong><\/p>\n<hr \/>\n<p><span class=\"markedContent\"><a href=\"http:\/\/mikanews.net\/wp-content\/uploads\/2022\/02\/52950.jpg\" rel=\"lightbox[11203]\"><img loading=\"lazy\" decoding=\"async\" class=\"aligncenter size-medium wp-image-11264\" src=\"http:\/\/mikanews.net\/wp-content\/uploads\/2022\/02\/52950-300x149.jpg\" alt=\"\" width=\"300\" height=\"149\" srcset=\"http:\/\/mikanews.net\/wp-content\/uploads\/2022\/02\/52950-300x149.jpg 300w, http:\/\/mikanews.net\/wp-content\/uploads\/2022\/02\/52950-768x381.jpg 768w, http:\/\/mikanews.net\/wp-content\/uploads\/2022\/02\/52950.jpg 850w\" sizes=\"auto, (max-width: 300px) 100vw, 300px\" \/><\/a><\/span><\/p>\n<hr \/>\n<p><strong><span id=\"page43R_mcid6\" class=\"markedContent\"><span dir=\"ltr\" role=\"presentation\">52953 VW K\u00e4<\/span><span dir=\"ltr\" role=\"presentation\">fer mit Ovalfenster<\/span> <span dir=\"ltr\" role=\"presentation\">und Schiebedach<\/span><span dir=\"ltr\" role=\"presentation\">,<\/span> <span dir=\"ltr\" role=\"presentation\">korallenrot<\/span> <span dir=\"ltr\" role=\"presentation\">FORMNEUHEIT<\/span> <span dir=\"ltr\" role=\"presentation\">\u20ac 18<\/span><span dir=\"ltr\" role=\"presentation\">,<\/span><span dir=\"ltr\" role=\"presentation\">4<\/span><span dir=\"ltr\" role=\"presentation\">9<\/span><\/span><\/strong><\/p>\n<hr \/>\n<p><span class=\"markedContent\"><a href=\"http:\/\/mikanews.net\/wp-content\/uploads\/2022\/02\/52953.jpg\" rel=\"lightbox[11203]\"><img loading=\"lazy\" decoding=\"async\" class=\"aligncenter size-medium wp-image-11265\" src=\"http:\/\/mikanews.net\/wp-content\/uploads\/2022\/02\/52953-300x149.jpg\" alt=\"\" width=\"300\" height=\"149\" srcset=\"http:\/\/mikanews.net\/wp-content\/uploads\/2022\/02\/52953-300x149.jpg 300w, http:\/\/mikanews.net\/wp-content\/uploads\/2022\/02\/52953-768x381.jpg 768w, http:\/\/mikanews.net\/wp-content\/uploads\/2022\/02\/52953.jpg 850w\" sizes=\"auto, (max-width: 300px) 100vw, 300px\" \/><\/a><\/span><\/p>\n<hr \/>\n<p><span id=\"page43R_mcid7\" class=\"markedContent\"><span dir=\"ltr\" role=\"presentation\">Der Ovali in<\/span> <span dir=\"ltr\" role=\"presentation\">der Zeitgeist typischen Farbe K<\/span><span dir=\"ltr\" role=\"presentation\">oralle<\/span> <span dir=\"ltr\" role=\"presentation\">und<\/span> <span dir=\"ltr\" role=\"presentation\">mit gro\u00dfem Faltschiebdach<\/span><span dir=\"ltr\" role=\"presentation\">. Dieses ist<\/span> <span dir=\"ltr\" role=\"presentation\">ge\u00f6ffnet<\/span> <span dir=\"ltr\" role=\"presentation\">und gibt Einblicke in den<\/span> <span dir=\"ltr\" role=\"presentation\">sch\u00f6<\/span><span dir=\"ltr\" role=\"presentation\">n gestalteten Innenraum des einmaligen Klassikers.<\/span><\/span><span id=\"page43R_mcid8\" class=\"markedContent\"><\/span><span id=\"page43R_mcid9\" class=\"markedContent\"><\/span><\/p>\n<p><span id=\"page43R_mcid9\" class=\"markedContent\"><strong><span dir=\"ltr\" role=\"presentation\">Trabant P601<\/span><\/strong><\/span><span id=\"page43R_mcid10\" class=\"markedContent\"><br role=\"presentation\" \/><span dir=\"ltr\" role=\"presentation\">Eine andere Sinndeutung des Namens Trabant lautet auch Begleiter oder Weggef\u00e4hrte. Eine passendere<\/span> <span dir=\"ltr\" role=\"presentation\">Namensgebung f\u00fcr den \u00bbTrabi\u00ab kann es daher gar nicht geben, wenn man bedenkt, wie lange ein<\/span> <span dir=\"ltr\" role=\"presentation\">Fahrzeug in der DDR halten musste. Der von 1964 bis 1990 im Sachsenring Automobilwerke Zwickau<\/span> <span dir=\"ltr\" role=\"presentation\">gebaute P601war das dritte und meistgebaute Modell der Trabant<\/span><span dir=\"ltr\" role=\"presentation\">&#8211;<\/span><span dir=\"ltr\" role=\"presentation\">Baureihe, dessen Zweitaktmotor im<\/span> <span dir=\"ltr\" role=\"presentation\">Barkas<\/span><span dir=\"ltr\" role=\"presentation\">&#8211;<\/span><span dir=\"ltr\" role=\"presentation\">Werk produziert wurde<\/span> <span dir=\"ltr\" role=\"presentation\">\u2013<\/span> <span dir=\"ltr\" role=\"presentation\">bis 1990 verlie\u00dfen \u00fcber 2,5 Mill<\/span><span dir=\"ltr\" role=\"presentation\">ionen Trabis das Zwickauer Werk.<\/span> <span dir=\"ltr\" role=\"presentation\">Die Modellgeschichte begann jedoch schon 1958 mit der Serienproduktion des Trabant P 50 (P = Plaste<\/span> <span dir=\"ltr\" role=\"presentation\">\/ 50 = 500 cm3 des 17<\/span><span dir=\"ltr\" role=\"presentation\">&#8211;<\/span><span dir=\"ltr\" role=\"presentation\">PS<\/span><span dir=\"ltr\" role=\"presentation\">&#8211;<\/span><span dir=\"ltr\" role=\"presentation\">Motors), ihm folgten der P50\/1 Kombi, der P 60\/2 mit Vierganggetriebe und<\/span> <span dir=\"ltr\" role=\"presentation\">letztendlich der P 60 mi<\/span><span dir=\"ltr\" role=\"presentation\">t 595 cm3 und 23 PS. 1964 erschien dann das Modell Trabant 601 mit neuer im<\/span> <span dir=\"ltr\" role=\"presentation\">damals modernen Trapezstil modifizierter Karosserie, technisch aber noch mit dem P 60 verwandt. In<\/span> <span dir=\"ltr\" role=\"presentation\">den 26 Jahren Produktionszeit kam es dennoch zu verschiedenen Ver\u00e4nderungen wie b<\/span><span dir=\"ltr\" role=\"presentation\">eispielsweise<\/span> <span dir=\"ltr\" role=\"presentation\">eine verbesserte Bremsanlage, eine automatische Kupplung (Hycomat) sowie zahlreiche<\/span> <span dir=\"ltr\" role=\"presentation\">Detailverbesserungen und Ausstattungsvarianten.<\/span><\/span><span id=\"page43R_mcid11\" class=\"markedContent\"><\/span><span id=\"page43R_mcid12\" class=\"markedContent\"><br role=\"presentation\" \/><span dir=\"ltr\" role=\"presentation\">Auch wenn sich sein \u00c4u\u00dferes nicht ge\u00e4ndert hatte, der Beliebtheit schadete es nicht, war er doch ein<\/span> <span dir=\"ltr\" role=\"presentation\">zuverl\u00e4s<\/span><span dir=\"ltr\" role=\"presentation\">siges und unverw\u00fcstliches Fahrzeug, das Ferien im Ostblock erst erm\u00f6glichte und damit ein<\/span> <span dir=\"ltr\" role=\"presentation\">bisschen Freiheit generierte. Ein gutes Jahr sp\u00e4ter, im Sommer 1965 erschien der Kombiwagen<\/span> <span dir=\"ltr\" role=\"presentation\">(Universal). Auch wenn, wie bei der Limousine, die \u00e4u\u00dfere Form zum Typ P 6<\/span><span dir=\"ltr\" role=\"presentation\">0 sich v\u00f6llig ver\u00e4ndert<\/span> <span dir=\"ltr\" role=\"presentation\">hatte, im Innern blieb sie identisch. Neu zu den bisherigen Standard<\/span><span dir=\"ltr\" role=\"presentation\">&#8211;<\/span><span dir=\"ltr\" role=\"presentation\">Ausf\u00fchrungen der Limousine und<\/span> <span dir=\"ltr\" role=\"presentation\">Kombiwagen 601 waren die Modelle 601 S (Sonderwunsch) sowie die 601 de luxe (sp\u00e4ter 601 S de<\/span> <span dir=\"ltr\" role=\"presentation\">luxe) in Vollausstattung. Diesen Unters<\/span><span dir=\"ltr\" role=\"presentation\">chied konnte man sehr leicht erkennen, denn der 601 de luxe fiel<\/span> <span dir=\"ltr\" role=\"presentation\">optisch durch sein in der Regel andersfarbiges Dach sowie den gl\u00e4nzenden Chromsto\u00dff\u00e4nger sofort ins<\/span> <span dir=\"ltr\" role=\"presentation\">Auge. Sp\u00e4ter folgten dann noch weitere Details wie Sto\u00dfh\u00f6rner, R\u00fcckfahrt<\/span><span dir=\"ltr\" role=\"presentation\">&#8211;<\/span> <span dir=\"ltr\" role=\"presentation\">und Nebelscheinwe<\/span><span dir=\"ltr\" role=\"presentation\">rfer und<\/span> <span dir=\"ltr\" role=\"presentation\">Nebelschlussleuchte. Aber auch der 601 S wurde h\u00e4ufig mit einem andersfarbigen Dach geliefert, bei<\/span> <span dir=\"ltr\" role=\"presentation\">ihm variierten jedoch meist die unterschiedlichen Zusammenstellungen der Ausstattungsvarianten. Die<\/span> <span dir=\"ltr\" role=\"presentation\">601 Standardvariante gab es haupts\u00e4chlich in der<\/span> <span dir=\"ltr\" role=\"presentation\">Kombiausf\u00fchrung, da diese in Handel, Wirtschaft und<\/span> <span dir=\"ltr\" role=\"presentation\">Industrie ihren Einsatz fanden. Die einfarbige Ausf\u00fchrung erhielt aber je nach Einsatz und jeweiligem<\/span> <span dir=\"ltr\" role=\"presentation\">Nutzer neben verschiedenen Schriftz\u00fcgen noch edle Verchromungen der Lampenringe, Radkappen,<\/span> <span dir=\"ltr\" role=\"presentation\">Radzierbl<\/span><span dir=\"ltr\" role=\"presentation\">enden oder Radmutter<\/span><span dir=\"ltr\" role=\"presentation\">&#8211;<\/span><span dir=\"ltr\" role=\"presentation\">Abdeckungen.<\/span><\/span><span id=\"page43R_mcid13\" class=\"markedContent\"><\/span><span id=\"page43R_mcid14\" class=\"markedContent\"> <span dir=\"ltr\" role=\"presentation\">Da sich die meisten Ver\u00e4nderungen am Trabant nur \u00bbunter der Haube\u00ab abspielten<\/span> <span dir=\"ltr\" role=\"presentation\">\u2013<\/span> <span dir=\"ltr\" role=\"presentation\">bis auf wenige<\/span> <span dir=\"ltr\" role=\"presentation\">Aufbesserungen an Grill, R\u00e4dern und Farbe, Sto\u00dfstangen der R\u00fcckleuchten, die zeitgleich an Limousine<\/span> <span dir=\"ltr\" role=\"presentation\">und Kombi durchgef\u00fchrt w<\/span><span dir=\"ltr\" role=\"presentation\">urden<\/span> <span dir=\"ltr\" role=\"presentation\">\u2013<\/span> <span dir=\"ltr\" role=\"presentation\">blieb die \u00e4u\u00dfere Form v\u00f6llig unber\u00fchrt. Dieser Umstand f\u00fchrte dazu<\/span><\/span> <span id=\"page45R_mcid0\" class=\"markedContent\"><span dir=\"ltr\" role=\"presentation\">dass der Export nur in den ersten zehn Jahren mit 20.000 Fahrzeugen Richtung Westen stattfand, vor<\/span> <span dir=\"ltr\" role=\"presentation\">allem in die Niederlande und Finnland. Danach brachen diese Lieferungen weg und d<\/span><span dir=\"ltr\" role=\"presentation\">er Trabant blieb<\/span> <span dir=\"ltr\" role=\"presentation\">im Osten u<\/span><span dir=\"ltr\" role=\"presentation\">nd wurde haupts\u00e4chlich neben den<\/span> <span dir=\"ltr\" role=\"presentation\">\u00fcblichen DDR<\/span><span dir=\"ltr\" role=\"presentation\">&#8211;<\/span><span dir=\"ltr\" role=\"presentation\">Lieferungen noch nach Ungarn und in die<\/span> <span dir=\"ltr\" role=\"presentation\">Tschechoslowakei ausgeliefert.<\/span><\/span><span id=\"page45R_mcid1\" class=\"markedContent\"><\/span><span id=\"page45R_mcid2\" class=\"markedContent\"><br role=\"presentation\" \/><span dir=\"ltr\" role=\"presentation\">Das 1:87er Modell des kleinen Trabanten entspricht in seiner Ausf\u00fchrung zun\u00e4chst den ersten<\/span> <span dir=\"ltr\" role=\"presentation\">Baujahren, die bi<\/span><span dir=\"ltr\" role=\"presentation\">s in die<\/span> <span dir=\"ltr\" role=\"presentation\">19<\/span><span dir=\"ltr\" role=\"presentation\">70er Jahre ausgeliefert wurden. Darunter sind neben der Standard<\/span><span dir=\"ltr\" role=\"presentation\">&#8211;<\/span><span dir=\"ltr\" role=\"presentation\">Variante<\/span><br role=\"presentation\" \/><span dir=\"ltr\" role=\"presentation\">auch die Limousine<\/span><span dir=\"ltr\" role=\"presentation\">&#8211;<\/span> <span dir=\"ltr\" role=\"presentation\">und Kombi<\/span><span dir=\"ltr\" role=\"presentation\">&#8211;<\/span><span dir=\"ltr\" role=\"presentation\">Modelle mit farbigem Dach sowie in der \u00bbde luxe\u00ab<\/span><span dir=\"ltr\" role=\"presentation\">&#8211;<\/span><span dir=\"ltr\" role=\"presentation\">Ausstattung am<\/span> <span dir=\"ltr\" role=\"presentation\">Start. Die entsprechende Detaillierung der oben angesprochenen Unterscheidung<\/span><span dir=\"ltr\" role=\"presentation\">spunkte ist hierbei<\/span> <span dir=\"ltr\" role=\"presentation\">nat\u00fcrlich eine reine Selbstverst\u00e4ndlichkeit.<\/span><\/span><span id=\"page45R_mcid3\" class=\"markedContent\"><\/span><span id=\"page45R_mcid4\" class=\"markedContent\"><\/span><\/p>\n<p><strong><span id=\"page45R_mcid4\" class=\"markedContent\"><span dir=\"ltr\" role=\"presentation\">53211 Trabant P601 Kombi, Berufs<\/span><span dir=\"ltr\" role=\"presentation\">&#8211;<\/span><span dir=\"ltr\" role=\"presentation\">Kosmetik<\/span> <span dir=\"ltr\" role=\"presentation\">\u20ac 19<\/span><span dir=\"ltr\" role=\"presentation\">,99<\/span><\/span><\/strong><span id=\"page45R_mcid5\" class=\"markedContent\"><br role=\"presentation\" \/><span dir=\"ltr\" role=\"presentation\">Modell<\/span> <span dir=\"ltr\" role=\"presentation\">aus dem Baujahr<\/span> <span dir=\"ltr\" role=\"presentation\">1968 in einer seltenen Ausf\u00fchrung mit<\/span> <span dir=\"ltr\" role=\"presentation\">Werbung<\/span> <span dir=\"ltr\" role=\"presentation\">der Bio Berufs<\/span><span dir=\"ltr\" role=\"presentation\">&#8211;<\/span><span dir=\"ltr\" role=\"presentation\">Kosmetik.<\/span> <span dir=\"ltr\" role=\"presentation\">Ja<\/span><span dir=\"ltr\" role=\"presentation\">ja<\/span><span dir=\"ltr\" role=\"presentation\">, Bio und Werbung gab es auch im Osten<\/span><span dir=\"ltr\" role=\"presentation\">,<\/span> <span dir=\"ltr\" role=\"presentation\">schon in den<\/span> <span dir=\"ltr\" role=\"presentation\">19<\/span><span dir=\"ltr\" role=\"presentation\">60er Jahren.<\/span> <span dir=\"ltr\" role=\"presentation\">Bei dem Werbefahrzeug<\/span> <span dir=\"ltr\" role=\"presentation\">waren sogar die Sto\u00dfstangen verchromt, das hatte nicht mal<\/span> <span dir=\"ltr\" role=\"presentation\">der normale Trabant<\/span><span dir=\"ltr\" role=\"presentation\">!<\/span><\/span><span id=\"page45R_mcid6\" class=\"markedContent\"><\/span><\/p>\n<hr \/>\n<p><span class=\"markedContent\"><a href=\"http:\/\/mikanews.net\/wp-content\/uploads\/2022\/02\/53211.jpg\" rel=\"lightbox[11203]\"><img loading=\"lazy\" decoding=\"async\" class=\"aligncenter size-medium wp-image-11204\" src=\"http:\/\/mikanews.net\/wp-content\/uploads\/2022\/02\/53211-300x162.jpg\" alt=\"\" width=\"300\" height=\"162\" srcset=\"http:\/\/mikanews.net\/wp-content\/uploads\/2022\/02\/53211-300x162.jpg 300w, http:\/\/mikanews.net\/wp-content\/uploads\/2022\/02\/53211-768x416.jpg 768w, http:\/\/mikanews.net\/wp-content\/uploads\/2022\/02\/53211.jpg 850w\" sizes=\"auto, (max-width: 300px) 100vw, 300px\" \/><\/a><\/span><\/p>\n<hr \/>\n<p><span id=\"page45R_mcid7\" class=\"markedContent\"><br role=\"presentation\" \/><strong><span dir=\"ltr\" role=\"presentation\">53456 Mercedes<\/span><span dir=\"ltr\" role=\"presentation\">&#8211;<\/span><span dir=\"ltr\" role=\"presentation\">Benz Sprinter mit kurzem Radstand<\/span><span dir=\"ltr\" role=\"presentation\">, Feuerwehr Mainz<\/span> <span dir=\"ltr\" role=\"presentation\">\u20ac 25<\/span><span dir=\"ltr\" role=\"presentation\">,99<\/span><\/strong><\/span><span id=\"page45R_mcid8\" class=\"markedContent\"><br role=\"presentation\" \/><span dir=\"ltr\" role=\"presentation\">Roter Man<\/span><span dir=\"ltr\" role=\"presentation\">nschaftswagen der rheinland<\/span><span dir=\"ltr\" role=\"presentation\">&#8211;<\/span><span dir=\"ltr\" role=\"presentation\">pf\u00e4lzischen Feuerwehr<\/span> <span dir=\"ltr\" role=\"presentation\">aus<\/span> <span dir=\"ltr\" role=\"presentation\">der Karnevalshochburg Mainz. Das<\/span> <span dir=\"ltr\" role=\"presentation\">Modell mit dem auff\u00e4llig geschwungenen leuchtgelben Streifen hat zudem einen filigranen Aufdruck<\/span> <span dir=\"ltr\" role=\"presentation\">der Dom<\/span><span dir=\"ltr\" role=\"presentation\">&#8211;<\/span><span dir=\"ltr\" role=\"presentation\">Silhouette, dem weit sichtbaren Wahrzeichen der Stadt am Rhein.<\/span><\/span><span id=\"page45R_mcid9\" class=\"markedContent\"><\/span><\/p>\n<hr \/>\n<p><span class=\"markedContent\"><a href=\"http:\/\/mikanews.net\/wp-content\/uploads\/2022\/02\/53456.jpg\" rel=\"lightbox[11203]\"><img loading=\"lazy\" decoding=\"async\" class=\"aligncenter size-medium wp-image-11205\" src=\"http:\/\/mikanews.net\/wp-content\/uploads\/2022\/02\/53456-300x189.jpg\" alt=\"\" width=\"300\" height=\"189\" srcset=\"http:\/\/mikanews.net\/wp-content\/uploads\/2022\/02\/53456-300x189.jpg 300w, http:\/\/mikanews.net\/wp-content\/uploads\/2022\/02\/53456-768x483.jpg 768w, http:\/\/mikanews.net\/wp-content\/uploads\/2022\/02\/53456.jpg 850w\" sizes=\"auto, (max-width: 300px) 100vw, 300px\" \/><\/a><\/span><\/p>\n<hr \/>\n<p><strong><span id=\"page45R_mcid10\" class=\"markedContent\"><span dir=\"ltr\" role=\"presentation\">Ford Kuga<\/span><\/span><\/strong><span id=\"page45R_mcid11\" class=\"markedContent\"><br role=\"presentation\" \/><span dir=\"ltr\" role=\"presentation\">Der Ford Kuga ist das erste europ\u00e4ische Modell von Ford im beliebten Segment der SUV (Sports Utility<\/span> <span dir=\"ltr\" role=\"presentation\">Vehicle).<\/span> <span dir=\"ltr\" role=\"presentation\">2008 stellte Ford in Genf mit dem Kuga als Kompakt<\/span><span dir=\"ltr\" role=\"presentation\">&#8211;<\/span><span dir=\"ltr\" role=\"presentation\">SUV einen Nachfolger f\u00fcr den Ford<\/span> <span dir=\"ltr\" role=\"presentation\">Maverick vor. 2011 pr\u00e4sentierten die Amerikaner die zweite Produktgeneration, die in Nordamerika<\/span> <span dir=\"ltr\" role=\"presentation\">unter dem Namen Escape vertrieben wird. Die Markteinf\u00fchrung in Europa erfo<\/span><span dir=\"ltr\" role=\"presentation\">lgte erst im M\u00e4rz 2013.<\/span><\/span><span id=\"page45R_mcid12\" class=\"markedContent\"> <span dir=\"ltr\" role=\"presentation\">Ende 2016 spendierte Ford dem Kuga ein Facelift, bei dem Front und Heck \u00fcberarbeitet und zahlreiche<\/span> <span dir=\"ltr\" role=\"presentation\">Assistenzsysteme eingef\u00fchrt wurden.<\/span> <span dir=\"ltr\" role=\"presentation\">Diese Version war ab Ende 2016 bestellbar und kam Anfang 2017<\/span> <span dir=\"ltr\" role=\"presentation\">auf den Markt. Erstmals gab es de<\/span><span dir=\"ltr\" role=\"presentation\">n Ford Kuga auch in der luxuri\u00f6sen Vignale<\/span><span dir=\"ltr\" role=\"presentation\">&#8211;<\/span><span dir=\"ltr\" role=\"presentation\">Variante und in der<\/span> <span dir=\"ltr\" role=\"presentation\">sportlichen ST Ausf\u00fchrung.<\/span> <span dir=\"ltr\" role=\"presentation\">Gebaut wird der europ\u00e4ische Kuga, der auf der gleichen Plattform wie der<\/span> <span dir=\"ltr\" role=\"presentation\">Ford Focus von 2011 steht, im Ford<\/span><span dir=\"ltr\" role=\"presentation\">&#8211;<\/span><span dir=\"ltr\" role=\"presentation\">Werk in Spanien nahe Valencia. Beim Euro<\/span><span dir=\"ltr\" role=\"presentation\">&#8211;<\/span><span dir=\"ltr\" role=\"presentation\">NCAP<\/span><span dir=\"ltr\" role=\"presentation\">&#8211;<\/span><span dir=\"ltr\" role=\"presentation\">Crashtest<\/span> <span dir=\"ltr\" role=\"presentation\">be<\/span><span dir=\"ltr\" role=\"presentation\">kam er alle 5 Sterne.<\/span> <span dir=\"ltr\" role=\"presentation\">Unser Modell: Ford Kuga \u030117<\/span> <span dir=\"ltr\" role=\"presentation\">\u2013<\/span> <span dir=\"ltr\" role=\"presentation\">Facelift der zweiten Modellgeneration von 2016<\/span> <span dir=\"ltr\" role=\"presentation\">bis 2019<\/span><span dir=\"ltr\" role=\"presentation\">.<\/span><\/span><span id=\"page45R_mcid13\" class=\"markedContent\"><\/span><span id=\"page45R_mcid14\" class=\"markedContent\"><\/span><\/p>\n<p><span id=\"page45R_mcid14\" class=\"markedContent\"><strong><span dir=\"ltr\" role=\"presentation\">53500 Ford Kuga, w<\/span><span dir=\"ltr\" role=\"presentation\">ei\u00df<\/span> <span dir=\"ltr\" role=\"presentation\">FORMNEUHEIT<\/span> <span dir=\"ltr\" role=\"presentation\">\u20ac 18<\/span><span dir=\"ltr\" role=\"presentation\">,99<\/span><\/strong><\/span><\/p>\n<hr \/>\n<p><span class=\"markedContent\"><a href=\"http:\/\/mikanews.net\/wp-content\/uploads\/2022\/02\/53500.jpg\" rel=\"lightbox[11203]\"><img loading=\"lazy\" decoding=\"async\" class=\"aligncenter size-medium wp-image-11208\" src=\"http:\/\/mikanews.net\/wp-content\/uploads\/2022\/02\/53500-300x152.jpg\" alt=\"\" width=\"300\" height=\"152\" srcset=\"http:\/\/mikanews.net\/wp-content\/uploads\/2022\/02\/53500-300x152.jpg 300w, http:\/\/mikanews.net\/wp-content\/uploads\/2022\/02\/53500-768x390.jpg 768w, http:\/\/mikanews.net\/wp-content\/uploads\/2022\/02\/53500.jpg 850w\" sizes=\"auto, (max-width: 300px) 100vw, 300px\" \/><\/a><\/span><\/p>\n<hr \/>\n<p><strong><span id=\"page45R_mcid15\" class=\"markedContent\"><span dir=\"ltr\" role=\"presentation\">53510 Ford Kuga,<\/span> <span dir=\"ltr\" role=\"presentation\">b<\/span><span dir=\"ltr\" role=\"presentation\">lau<\/span><span dir=\"ltr\" role=\"presentation\">&#8211;<\/span><span dir=\"ltr\" role=\"presentation\">m<\/span><span dir=\"ltr\" role=\"presentation\">etallic<\/span> <span dir=\"ltr\" role=\"presentation\">FORMNEUHEIT<\/span> <span dir=\"ltr\" role=\"presentation\">\u20ac 19<\/span><span dir=\"ltr\" role=\"presentation\">,99<\/span><\/span><\/strong><\/p>\n<hr \/>\n<p><span class=\"markedContent\"><a href=\"http:\/\/mikanews.net\/wp-content\/uploads\/2022\/02\/53510.jpg\" rel=\"lightbox[11203]\"><img loading=\"lazy\" decoding=\"async\" class=\"aligncenter wp-image-11209 size-medium\" src=\"http:\/\/mikanews.net\/wp-content\/uploads\/2022\/02\/53510-300x160.jpg\" alt=\"\" width=\"300\" height=\"160\" srcset=\"http:\/\/mikanews.net\/wp-content\/uploads\/2022\/02\/53510-300x160.jpg 300w, http:\/\/mikanews.net\/wp-content\/uploads\/2022\/02\/53510-768x410.jpg 768w, http:\/\/mikanews.net\/wp-content\/uploads\/2022\/02\/53510.jpg 850w\" sizes=\"auto, (max-width: 300px) 100vw, 300px\" \/><\/a><\/span><\/p>\n<hr \/>\n<p><span id=\"page45R_mcid16\" class=\"markedContent\"><strong><span dir=\"ltr\" role=\"presentation\">53511 Ford Kuga, rot<\/span><span dir=\"ltr\" role=\"presentation\">&#8211;<\/span><span dir=\"ltr\" role=\"presentation\">m<\/span><span dir=\"ltr\" role=\"presentation\">etallic<\/span> <span dir=\"ltr\" role=\"presentation\">FORMNEUHEIT<\/span> <span dir=\"ltr\" role=\"presentation\">\u20ac 19<\/span><span dir=\"ltr\" role=\"presentation\">,99<\/span><\/strong><\/span><span id=\"page45R_mcid17\" class=\"markedContent\"><\/span><\/p>\n<hr \/>\n<p><strong><span class=\"markedContent\"><a href=\"http:\/\/mikanews.net\/wp-content\/uploads\/2022\/02\/53511.jpg\" rel=\"lightbox[11203]\"><img loading=\"lazy\" decoding=\"async\" class=\"aligncenter size-medium wp-image-11210\" src=\"http:\/\/mikanews.net\/wp-content\/uploads\/2022\/02\/53511-300x160.jpg\" alt=\"\" width=\"300\" height=\"160\" srcset=\"http:\/\/mikanews.net\/wp-content\/uploads\/2022\/02\/53511-300x160.jpg 300w, http:\/\/mikanews.net\/wp-content\/uploads\/2022\/02\/53511-768x410.jpg 768w, http:\/\/mikanews.net\/wp-content\/uploads\/2022\/02\/53511.jpg 850w\" sizes=\"auto, (max-width: 300px) 100vw, 300px\" \/><\/a><\/span><\/strong><\/p>\n<hr \/>\n<p><strong><span id=\"page45R_mcid18\" class=\"markedContent\"><span dir=\"ltr\" role=\"presentation\">53608 HL10.00 mit Wasserfass<\/span> <span dir=\"ltr\" role=\"presentation\">FORMNEUHEIT<\/span> <span dir=\"ltr\" role=\"presentation\">\u20ac 14,99<\/span><\/span><\/strong><span id=\"page45R_mcid19\" class=\"markedContent\"><br role=\"presentation\" \/><span dir=\"ltr\" role=\"presentation\">Einachs<\/span><span dir=\"ltr\" role=\"presentation\">&#8211;<\/span><span dir=\"ltr\" role=\"presentation\">F<\/span><span dir=\"ltr\" role=\"presentation\">ahrgestell<\/span> <span dir=\"ltr\" role=\"presentation\">aus dem Baujahr 1966, hergestellt vom VEB Spezialanh\u00e4ngerbau Bornsen. Hier<\/span> <span dir=\"ltr\" role=\"presentation\">mit Wasserfass als Beladung. Kosteng\u00fcnstiger und entmilitarisierter Umbau des NVA<\/span> <span dir=\"ltr\" role=\"presentation\">Anh\u00e4ngers zur<\/span> <span dir=\"ltr\" role=\"presentation\">Viehtr\u00e4nke. So geht Abr\u00fcstung!<\/span><\/span><span id=\"page45R_mcid20\" class=\"markedContent\"><\/span><\/p>\n<hr \/>\n<p><span class=\"markedContent\"><a href=\"http:\/\/mikanews.net\/wp-content\/uploads\/2022\/02\/53608.jpg\" rel=\"lightbox[11203]\"><img loading=\"lazy\" decoding=\"async\" class=\"aligncenter size-medium wp-image-11211\" src=\"http:\/\/mikanews.net\/wp-content\/uploads\/2022\/02\/53608-300x154.jpg\" alt=\"\" width=\"300\" height=\"154\" srcset=\"http:\/\/mikanews.net\/wp-content\/uploads\/2022\/02\/53608-300x154.jpg 300w, http:\/\/mikanews.net\/wp-content\/uploads\/2022\/02\/53608-768x395.jpg 768w, http:\/\/mikanews.net\/wp-content\/uploads\/2022\/02\/53608.jpg 850w\" sizes=\"auto, (max-width: 300px) 100vw, 300px\" \/><\/a><\/span><\/p>\n<hr \/>\n<p><strong><span id=\"page45R_mcid21\" class=\"markedContent\"><span dir=\"ltr\" role=\"presentation\">Anh\u00e4nger Fortschritt HTS 90.04\/T 088<\/span><\/span><\/strong><span id=\"page45R_mcid22\" class=\"markedContent\"><br role=\"presentation\" \/><span dir=\"ltr\" role=\"presentation\">Der Spezialanh\u00e4nger HTS 90.04\/T 088 des VEB Kombinat \u00bbFortschritt\u00ab, Neustadt\/Sachsen, ist ein<\/span> <span dir=\"ltr\" role=\"presentation\">kopflastiger Traktorenanh\u00e4nger mit einer Nennnutzmasse von 8<\/span><span dir=\"ltr\" role=\"presentation\">&#8211;<\/span><span dir=\"ltr\" role=\"presentation\">9 Tonnen. Er i<\/span><span dir=\"ltr\" role=\"presentation\">st haupts\u00e4chlich f\u00fcr<\/span> <span dir=\"ltr\" role=\"presentation\">die<\/span> <span dir=\"ltr\" role=\"presentation\">Bef\u00f6rderung<\/span> <span dir=\"ltr\" role=\"presentation\">und das Austragen von Stalldung, aber auch f\u00fcr den Transport von nicht rieself\u00e4higen<\/span> <span dir=\"ltr\" role=\"presentation\">landwirtschaftlichen Sch\u00fcttg\u00fctern wie Zuckerr\u00fcben, geh\u00e4ckseltem und ungeh\u00e4ckseltem Gr\u00fcngut, Silage<\/span> <span dir=\"ltr\" role=\"presentation\">u<\/span><span dir=\"ltr\" role=\"presentation\">sw.<\/span> <span dir=\"ltr\" role=\"presentation\">vorgesehen. Dem jeweiligen Ver<\/span><span dir=\"ltr\" role=\"presentation\">wendungszweck entsprechend kann der Anh\u00e4nger mit den<\/span> <span dir=\"ltr\" role=\"presentation\">Zusatzausr\u00fcstungen Breitstreuer D 353 und hydraulisch bet\u00e4tigter R\u00fcckwand versehen werden.<\/span><\/span><\/p>\n<p><strong><span id=\"page47R_mcid0\" class=\"markedContent\"><span dir=\"ltr\" role=\"presentation\">53800 Anh\u00e4nger Fortschritt T 088 mit Klappe,<\/span> <span dir=\"ltr\" role=\"presentation\">b<\/span><span dir=\"ltr\" role=\"presentation\">lau<\/span> <span dir=\"ltr\" role=\"presentation\">FORMNEUHEIT<\/span> <span dir=\"ltr\" role=\"presentation\">\u20ac 19<\/span><span dir=\"ltr\" role=\"presentation\">,99<\/span><\/span><\/strong><\/p>\n<hr \/>\n<p><strong><span class=\"markedContent\"><a href=\"http:\/\/mikanews.net\/wp-content\/uploads\/2022\/02\/53800.jpg\" rel=\"lightbox[11203]\"><img loading=\"lazy\" decoding=\"async\" class=\"aligncenter size-medium wp-image-11212\" src=\"http:\/\/mikanews.net\/wp-content\/uploads\/2022\/02\/53800-300x147.jpg\" alt=\"\" width=\"300\" height=\"147\" srcset=\"http:\/\/mikanews.net\/wp-content\/uploads\/2022\/02\/53800-300x147.jpg 300w, http:\/\/mikanews.net\/wp-content\/uploads\/2022\/02\/53800-768x377.jpg 768w, http:\/\/mikanews.net\/wp-content\/uploads\/2022\/02\/53800.jpg 850w\" sizes=\"auto, (max-width: 300px) 100vw, 300px\" \/><\/a><\/span><\/strong><\/p>\n<hr \/>\n<p><strong><span id=\"page47R_mcid1\" class=\"markedContent\"><span dir=\"ltr\" role=\"presentation\">53801 Anh\u00e4nger Fortschritt T 088 mit Klappe,<\/span> <span dir=\"ltr\" role=\"presentation\">g<\/span><span dir=\"ltr\" role=\"presentation\">r\u00fcn<\/span> <span dir=\"ltr\" role=\"presentation\">FORMNEUHEIT<\/span> <span dir=\"ltr\" role=\"presentation\">\u20ac 19<\/span><span dir=\"ltr\" role=\"presentation\">,99<\/span><\/span><span id=\"page47R_mcid2\" class=\"markedContent\"><\/span><\/strong><\/p>\n<hr \/>\n<p><span class=\"markedContent\"><a href=\"http:\/\/mikanews.net\/wp-content\/uploads\/2022\/02\/53801.jpg\" rel=\"lightbox[11203]\"><img loading=\"lazy\" decoding=\"async\" class=\"aligncenter size-medium wp-image-11213\" src=\"http:\/\/mikanews.net\/wp-content\/uploads\/2022\/02\/53801-300x157.jpg\" alt=\"\" width=\"300\" height=\"157\" srcset=\"http:\/\/mikanews.net\/wp-content\/uploads\/2022\/02\/53801-300x157.jpg 300w, http:\/\/mikanews.net\/wp-content\/uploads\/2022\/02\/53801-768x401.jpg 768w, http:\/\/mikanews.net\/wp-content\/uploads\/2022\/02\/53801.jpg 850w\" sizes=\"auto, (max-width: 300px) 100vw, 300px\" \/><\/a><\/span><\/p>\n<hr \/>\n<h3><span id=\"page47R_mcid3\" class=\"markedContent\"><span dir=\"ltr\" role=\"presentation\">Baus\u00e4tze f\u00fcr Automodelle<\/span><\/span><span id=\"page47R_mcid4\" class=\"markedContent\"><br role=\"presentation\" \/><\/span><\/h3>\n<p><span id=\"page47R_mcid4\" class=\"markedContent\"><span dir=\"ltr\" role=\"presentation\">Basteln was das Zeug h\u00e4lt!!! Jeder kann sich sein Auto selbst zusammenbauen und vorher nach Wunsch<\/span> <span dir=\"ltr\" role=\"presentation\">lackieren, bemalen mit Dec<\/span><span dir=\"ltr\" role=\"presentation\">als bekleben und vor dem Zusammenbau auch noch den Innenraum mit<\/span> <span dir=\"ltr\" role=\"presentation\">Figuren oder sonstigen Dingen ausschm\u00fccken. Folgende Modelle sind bastelbereit:<\/span><\/span><span id=\"page47R_mcid5\" class=\"markedContent\"><\/span><span id=\"page47R_mcid6\" class=\"markedContent\"><br role=\"presentation\" \/><strong><span dir=\"ltr\" role=\"presentation\">60217<\/span> <span dir=\"ltr\" role=\"presentation\">Bausatz Automodell,<\/span> <span dir=\"ltr\" role=\"presentation\">Toyota Land Cruiser J4<\/span> <span dir=\"ltr\" role=\"presentation\">\u20ac<\/span> <span dir=\"ltr\" role=\"presentation\">9<\/span><span dir=\"ltr\" role=\"presentation\">,99<\/span><\/strong><\/span><\/p>\n<hr \/>\n<p><strong><span class=\"markedContent\"><a href=\"http:\/\/mikanews.net\/wp-content\/uploads\/2022\/02\/60217.jpg\" rel=\"lightbox[11203]\"><img loading=\"lazy\" decoding=\"async\" class=\"aligncenter size-medium wp-image-11214\" src=\"http:\/\/mikanews.net\/wp-content\/uploads\/2022\/02\/60217-300x179.jpg\" alt=\"\" width=\"300\" height=\"179\" srcset=\"http:\/\/mikanews.net\/wp-content\/uploads\/2022\/02\/60217-300x179.jpg 300w, http:\/\/mikanews.net\/wp-content\/uploads\/2022\/02\/60217-768x458.jpg 768w, http:\/\/mikanews.net\/wp-content\/uploads\/2022\/02\/60217.jpg 850w\" sizes=\"auto, (max-width: 300px) 100vw, 300px\" \/><\/a><\/span><\/strong><\/p>\n<hr \/>\n<p><strong><span id=\"page47R_mcid7\" class=\"markedContent\"><span dir=\"ltr\" role=\"presentation\">60221 Bausatz Automodell,<\/span> <span dir=\"ltr\" role=\"presentation\">Mercedes<\/span><span dir=\"ltr\" role=\"presentation\">&#8211;<\/span><span dir=\"ltr\" role=\"presentation\">Benz Miesen<\/span> <span dir=\"ltr\" role=\"presentation\">\u20ac 12<\/span><span dir=\"ltr\" role=\"presentation\">,99<\/span><\/span><\/strong><\/p>\n<hr \/>\n<p><strong><span class=\"markedContent\"><a href=\"http:\/\/mikanews.net\/wp-content\/uploads\/2022\/02\/60221.jpg\" rel=\"lightbox[11203]\"><img loading=\"lazy\" decoding=\"async\" class=\"aligncenter size-medium wp-image-11215\" src=\"http:\/\/mikanews.net\/wp-content\/uploads\/2022\/02\/60221-300x162.jpg\" alt=\"\" width=\"300\" height=\"162\" srcset=\"http:\/\/mikanews.net\/wp-content\/uploads\/2022\/02\/60221-300x162.jpg 300w, http:\/\/mikanews.net\/wp-content\/uploads\/2022\/02\/60221-768x414.jpg 768w, http:\/\/mikanews.net\/wp-content\/uploads\/2022\/02\/60221.jpg 850w\" sizes=\"auto, (max-width: 300px) 100vw, 300px\" \/><\/a><\/span><\/strong><\/p>\n<hr \/>\n<p><strong><span id=\"page47R_mcid8\" class=\"markedContent\"><span dir=\"ltr\" role=\"presentation\">60271 Bausatz Automodell, Mercedes MK 1224<\/span> <span dir=\"ltr\" role=\"presentation\">\u20ac 18<\/span><span dir=\"ltr\" role=\"presentation\">,99<\/span><\/span><span id=\"page47R_mcid9\" class=\"markedContent\"><\/span><span id=\"page47R_mcid10\" class=\"markedContent\"><\/span><\/strong><\/p>\n<hr \/>\n<p><span class=\"markedContent\"><a href=\"http:\/\/mikanews.net\/wp-content\/uploads\/2022\/02\/60271.jpg\" rel=\"lightbox[11203]\"><img loading=\"lazy\" decoding=\"async\" class=\"aligncenter size-medium wp-image-11216\" src=\"http:\/\/mikanews.net\/wp-content\/uploads\/2022\/02\/60271-300x175.jpg\" alt=\"\" width=\"300\" height=\"175\" srcset=\"http:\/\/mikanews.net\/wp-content\/uploads\/2022\/02\/60271-300x175.jpg 300w, http:\/\/mikanews.net\/wp-content\/uploads\/2022\/02\/60271-768x449.jpg 768w, http:\/\/mikanews.net\/wp-content\/uploads\/2022\/02\/60271.jpg 850w\" sizes=\"auto, (max-width: 300px) 100vw, 300px\" \/><\/a><\/span><\/p>\n<hr \/>\n<p><strong><span id=\"page47R_mcid11\" class=\"markedContent\"><span dir=\"ltr\" role=\"presentation\">MEHLHOSE Automodelle 1:87<\/span><\/span><\/strong><span id=\"page47R_mcid12\" class=\"markedContent\"><br role=\"presentation\" \/><span dir=\"ltr\" role=\"presentation\">Originalgetreue Fahrzeuge, Anh\u00e4nger und Traktoren beliebter Modelltypen im Ma\u00dfstab 1:87<\/span><span dir=\"ltr\" role=\"presentation\">, 1:120<\/span> <span dir=\"ltr\" role=\"presentation\">und<\/span> <span dir=\"ltr\" role=\"presentation\">1:160 des deutschen Herstellers Harold Mehlhose aus Bernsdorf.<\/span><\/span><span id=\"page47R_mcid13\" class=\"markedContent\"><\/span><span id=\"page47R_mcid14\" class=\"markedContent\"><\/span><\/p>\n<p><span id=\"page47R_mcid14\" class=\"markedContent\"><strong><span dir=\"ltr\" role=\"presentation\">Berliner Roller<\/span><\/strong><br role=\"presentation\" \/><span dir=\"ltr\" role=\"presentation\">Unter der regul\u00e4ren Bezeichnung IWL SR59 Berlin ist der von 1959<\/span><span dir=\"ltr\" role=\"presentation\">&#8211;<\/span><span dir=\"ltr\" role=\"presentation\">1963 im VEB Industriewerk<\/span> <span dir=\"ltr\" role=\"presentation\">Ludwigsfelde produzierte \u00bbBerliner Roller\u00ab eher nicht gel\u00e4ufig. Mit 114.000 herg<\/span><span dir=\"ltr\" role=\"presentation\">estellten Modellen ist<\/span><br role=\"presentation\" \/><span dir=\"ltr\" role=\"presentation\">er der meist gebaute Roller der DDR<\/span> <span dir=\"ltr\" role=\"presentation\">und heute ein<\/span> <span dir=\"ltr\" role=\"presentation\">absolutes Kultobjekt.<\/span><\/span><\/p>\n<p><span id=\"page47R_mcid14\" class=\"markedContent\"><strong><span dir=\"ltr\" role=\"presentation\">Schwalbe<\/span><\/strong><br role=\"presentation\" \/><span dir=\"ltr\" role=\"presentation\">\u00dcberflieger! Sage und schreibe eine Million Exemplare des Kleinkraftrades \u00bbSchwalbe\u00ab (genaue<\/span> <span dir=\"ltr\" role=\"presentation\">Bezeichnung KR51) verlie\u00dfen in den Jahren 1964<\/span><span dir=\"ltr\" role=\"presentation\">&#8211;<\/span><span dir=\"ltr\" role=\"presentation\">1986 das P<\/span><span dir=\"ltr\" role=\"presentation\">roduktionswerk Simson in<\/span><br role=\"presentation\" \/><span dir=\"ltr\" role=\"presentation\">Suhl\/Th\u00fcringen. Zu DDR<\/span><span dir=\"ltr\" role=\"presentation\">&#8211;<\/span><span dir=\"ltr\" role=\"presentation\">Zeiten war das Fahrzeug im gesamten Ostblock zu finden und seit der<\/span> <span dir=\"ltr\" role=\"presentation\">Wiedervereinigung 1990 schwappte die Begeisterungswelle auch in das gesamte Bundesgebiet \u00fcber.<\/span> <span dir=\"ltr\" role=\"presentation\">Einer der Gr\u00fcnde liegt wohl darin, dass es ei<\/span><span dir=\"ltr\" role=\"presentation\">nes der wenigen Mopeds der BRD war, das 60 km\/h<\/span> <span dir=\"ltr\" role=\"presentation\">schnell fahren durfte. Der Hubraum des luftgek\u00fchlten Ein<\/span><span dir=\"ltr\" role=\"presentation\">&#8211;<\/span><span dir=\"ltr\" role=\"presentation\">Zylinder<\/span><span dir=\"ltr\" role=\"presentation\">&#8211;<\/span> <span dir=\"ltr\" role=\"presentation\">Zweitaktmotors betr\u00e4gt 50 ccm mit<\/span> <span dir=\"ltr\" role=\"presentation\">einer Motorleistung von 3,4 PS. Auch die Schwalbe z\u00e4hlt heute zu den Kultfahrzeugen.<\/span><\/span><span id=\"page47R_mcid15\" class=\"markedContent\"><\/span><span id=\"page47R_mcid16\" class=\"markedContent\"><\/span><\/p>\n<p><strong><span id=\"page47R_mcid16\" class=\"markedContent\"><span dir=\"ltr\" role=\"presentation\">Baus\u00e4tze zum selbst<\/span> <span dir=\"ltr\" role=\"presentation\">Bemalen:<\/span><\/span><span id=\"page47R_mcid17\" class=\"markedContent\"><br role=\"presentation\" \/><span dir=\"ltr\" role=\"presentation\">210 008905 Schwalbe\/Berliner R<\/span><span dir=\"ltr\" role=\"presentation\">oller, wei\u00dfgrau\/schwarz<\/span> <span dir=\"ltr\" role=\"presentation\">\u20ac 11<\/span><span dir=\"ltr\" role=\"presentation\">,99<\/span><\/span><\/strong><\/p>\n<hr \/>\n<p><strong><span class=\"markedContent\"><a href=\"http:\/\/mikanews.net\/wp-content\/uploads\/2022\/02\/210008905.jpg\" rel=\"lightbox[11203]\"><img loading=\"lazy\" decoding=\"async\" class=\"aligncenter size-medium wp-image-11217\" src=\"http:\/\/mikanews.net\/wp-content\/uploads\/2022\/02\/210008905-300x109.jpg\" alt=\"\" width=\"300\" height=\"109\" srcset=\"http:\/\/mikanews.net\/wp-content\/uploads\/2022\/02\/210008905-300x109.jpg 300w, http:\/\/mikanews.net\/wp-content\/uploads\/2022\/02\/210008905-768x280.jpg 768w, http:\/\/mikanews.net\/wp-content\/uploads\/2022\/02\/210008905.jpg 850w\" sizes=\"auto, (max-width: 300px) 100vw, 300px\" \/><\/a><\/span><\/strong><\/p>\n<hr \/>\n<p><strong><span id=\"page47R_mcid18\" class=\"markedContent\"><span dir=\"ltr\" role=\"presentation\">210 008908 Schwalbe\/Berliner<\/span> <span dir=\"ltr\" role=\"presentation\">Roller, schwarz\/beige<\/span> <span dir=\"ltr\" role=\"presentation\">\u20ac 11<\/span><span dir=\"ltr\" role=\"presentation\">,99<\/span><\/span><span id=\"page47R_mcid19\" class=\"markedContent\"><\/span><\/strong><\/p>\n<hr \/>\n<p><span class=\"markedContent\"><a href=\"http:\/\/mikanews.net\/wp-content\/uploads\/2022\/02\/210008908.jpg\" rel=\"lightbox[11203]\"><img loading=\"lazy\" decoding=\"async\" class=\"aligncenter size-medium wp-image-11218\" src=\"http:\/\/mikanews.net\/wp-content\/uploads\/2022\/02\/210008908-300x109.jpg\" alt=\"\" width=\"300\" height=\"109\" srcset=\"http:\/\/mikanews.net\/wp-content\/uploads\/2022\/02\/210008908-300x109.jpg 300w, http:\/\/mikanews.net\/wp-content\/uploads\/2022\/02\/210008908-768x280.jpg 768w, http:\/\/mikanews.net\/wp-content\/uploads\/2022\/02\/210008908.jpg 850w\" sizes=\"auto, (max-width: 300px) 100vw, 300px\" \/><\/a><\/span><\/p>\n<hr \/>\n<p><strong><span id=\"page47R_mcid20\" class=\"markedContent\"><span dir=\"ltr\" role=\"presentation\">Multicar M21<\/span><\/span><\/strong><span id=\"page47R_mcid21\" class=\"markedContent\"><br role=\"presentation\" \/><span dir=\"ltr\" role=\"presentation\">Das futuristisch wirkende Multicar M21<\/span> <span dir=\"ltr\" role=\"presentation\">bzw.<\/span> <span dir=\"ltr\" role=\"presentation\">Typ D (D=Dreiseitenkipper) wurde von 1956<\/span><span dir=\"ltr\" role=\"presentation\">&#8211;<\/span><span dir=\"ltr\" role=\"presentation\">1964 in<\/span><\/span><span id=\"page47R_mcid22\" class=\"markedContent\"> <span dir=\"ltr\" role=\"presentation\">Waltersha<\/span><span dir=\"ltr\" role=\"presentation\">usen (DDR) hergestellt. Der M21 verf\u00fcgt \u00fcber einen 1 Zylinder Dieselmotor Verdampfer und<\/span><\/span><span id=\"page47R_mcid23\" class=\"markedContent\"> <span dir=\"ltr\" role=\"presentation\">erbringt eine Leistung von 6,5 PS. Auch wenn es nicht ganz so schnell vorangeht, er bewegt immerhin<\/span><\/span><span id=\"page47R_mcid24\" class=\"markedContent\"> <span dir=\"ltr\" role=\"presentation\">eine Nutzlast von 2t. Eingesetzt wurde er fast \u00fcberall im Osten Deu<\/span><span dir=\"ltr\" role=\"presentation\">tschlands und auch noch heute sind<\/span><\/span><span id=\"page47R_mcid25\" class=\"markedContent\"> <span dir=\"ltr\" role=\"presentation\">vereinzelt Exemplare des M21 im Einsatz.<\/span><\/span><span id=\"page47R_mcid26\" class=\"markedContent\"><\/span><span id=\"page47R_mcid27\" class=\"markedContent\"><\/span><\/p>\n<p><strong><span id=\"page47R_mcid27\" class=\"markedContent\"><span dir=\"ltr\" role=\"presentation\">N<\/span><span dir=\"ltr\" role=\"presentation\">&#8211;<\/span><span dir=\"ltr\" role=\"presentation\">Spur<\/span><\/span><span id=\"page47R_mcid28\" class=\"markedContent\"><br role=\"presentation\" \/><span dir=\"ltr\" role=\"presentation\">211 002204<\/span> <span dir=\"ltr\" role=\"presentation\">Multicar M<\/span><span dir=\"ltr\" role=\"presentation\">21, Muldenkipper, rot<\/span> <span dir=\"ltr\" role=\"presentation\">\u20ac 19<\/span><span dir=\"ltr\" role=\"presentation\">,99<\/span><\/span><\/strong><\/p>\n<hr \/>\n<p><strong><span class=\"markedContent\"><a href=\"http:\/\/mikanews.net\/wp-content\/uploads\/2022\/02\/211002204.jpg\" rel=\"lightbox[11203]\"><img loading=\"lazy\" decoding=\"async\" class=\"aligncenter size-medium wp-image-11219\" src=\"http:\/\/mikanews.net\/wp-content\/uploads\/2022\/02\/211002204-300x177.jpg\" alt=\"\" width=\"300\" height=\"177\" srcset=\"http:\/\/mikanews.net\/wp-content\/uploads\/2022\/02\/211002204-300x177.jpg 300w, http:\/\/mikanews.net\/wp-content\/uploads\/2022\/02\/211002204-768x454.jpg 768w, http:\/\/mikanews.net\/wp-content\/uploads\/2022\/02\/211002204.jpg 850w\" sizes=\"auto, (max-width: 300px) 100vw, 300px\" \/><\/a><\/span><\/strong><\/p>\n<hr \/>\n<p><strong><span id=\"page47R_mcid29\" class=\"markedContent\"><span dir=\"ltr\" role=\"presentation\">211<\/span> <span dir=\"ltr\" role=\"presentation\">003203<\/span> <span dir=\"ltr\" role=\"presentation\">Multicar M21,<\/span> <span dir=\"ltr\" role=\"presentation\">Dreiseiten<\/span><span dir=\"ltr\" role=\"presentation\">kipper,<\/span> <span dir=\"ltr\" role=\"presentation\">grau<\/span> <span dir=\"ltr\" role=\"presentation\">\u20ac 19<\/span><span dir=\"ltr\" role=\"presentation\">,99<\/span><\/span><\/strong><\/p>\n<hr \/>\n<p><strong><span class=\"markedContent\"><a href=\"http:\/\/mikanews.net\/wp-content\/uploads\/2022\/02\/211003203.jpg\" rel=\"lightbox[11203]\"><img loading=\"lazy\" decoding=\"async\" class=\"aligncenter size-medium wp-image-11220\" src=\"http:\/\/mikanews.net\/wp-content\/uploads\/2022\/02\/211003203-300x161.jpg\" alt=\"\" width=\"300\" height=\"161\" srcset=\"http:\/\/mikanews.net\/wp-content\/uploads\/2022\/02\/211003203-300x161.jpg 300w, http:\/\/mikanews.net\/wp-content\/uploads\/2022\/02\/211003203-768x411.jpg 768w, http:\/\/mikanews.net\/wp-content\/uploads\/2022\/02\/211003203.jpg 850w\" sizes=\"auto, (max-width: 300px) 100vw, 300px\" \/><\/a><\/span><\/strong><\/p>\n<hr \/>\n<p><strong><span id=\"page47R_mcid30\" class=\"markedContent\"><span dir=\"ltr\" role=\"presentation\">211<\/span> <span dir=\"ltr\" role=\"presentation\">003212<\/span> <span dir=\"ltr\" role=\"presentation\">Multicar M21,<\/span> <span dir=\"ltr\" role=\"presentation\">K\u00fcrbisladung<\/span><span dir=\"ltr\" role=\"presentation\">,<\/span> <span dir=\"ltr\" role=\"presentation\">blau<\/span> <span dir=\"ltr\" role=\"presentation\">\u20ac<\/span> <span dir=\"ltr\" role=\"presentation\">22<\/span><span dir=\"ltr\" role=\"presentation\">,<\/span><span dir=\"ltr\" role=\"presentation\">4<\/span><span dir=\"ltr\" role=\"presentation\">9<\/span><\/span><span id=\"page47R_mcid31\" class=\"markedContent\"><\/span><\/strong><\/p>\n<hr \/>\n<p><strong><span class=\"markedContent\"><a href=\"http:\/\/mikanews.net\/wp-content\/uploads\/2022\/02\/211003212.jpg\" rel=\"lightbox[11203]\"><img loading=\"lazy\" decoding=\"async\" class=\"aligncenter size-medium wp-image-11221\" src=\"http:\/\/mikanews.net\/wp-content\/uploads\/2022\/02\/211003212-300x167.jpg\" alt=\"\" width=\"300\" height=\"167\" srcset=\"http:\/\/mikanews.net\/wp-content\/uploads\/2022\/02\/211003212-300x167.jpg 300w, http:\/\/mikanews.net\/wp-content\/uploads\/2022\/02\/211003212-768x426.jpg 768w, http:\/\/mikanews.net\/wp-content\/uploads\/2022\/02\/211003212.jpg 850w\" sizes=\"auto, (max-width: 300px) 100vw, 300px\" \/><\/a><\/span><\/strong><\/p>\n<hr \/>\n<p><strong><span id=\"page47R_mcid32\" class=\"markedContent\"><span dir=\"ltr\" role=\"presentation\">TT<\/span><span dir=\"ltr\" role=\"presentation\">&#8211;<\/span><span dir=\"ltr\" role=\"presentation\">Spur<\/span><\/span><span id=\"page47R_mcid33\" class=\"markedContent\"><br role=\"presentation\" \/><span dir=\"ltr\" role=\"presentation\">211 002304 Multicar M21, Muldenkipper, rot<\/span> <span dir=\"ltr\" role=\"presentation\">\u20ac 19<\/span><span dir=\"ltr\" role=\"presentation\">,99<\/span><\/span><\/strong><\/p>\n<p><strong><span id=\"page47R_mcid34\" class=\"markedContent\"><span dir=\"ltr\" role=\"presentation\">211 00<\/span><span dir=\"ltr\" role=\"presentation\">3<\/span><span dir=\"ltr\" role=\"presentation\">30<\/span><span dir=\"ltr\" role=\"presentation\">3<\/span> <span dir=\"ltr\" role=\"presentation\">Multicar M21,<\/span> <span dir=\"ltr\" role=\"presentation\">Dreiseiten<\/span><span dir=\"ltr\" role=\"presentation\">kipper,<\/span> <span dir=\"ltr\" role=\"presentation\">grau<\/span> <span dir=\"ltr\" role=\"presentation\">\u20ac 19<\/span><span dir=\"ltr\" role=\"presentation\">,99<\/span><\/span><\/strong><\/p>\n<p><strong><span id=\"page47R_mcid35\" class=\"markedContent\"><span dir=\"ltr\" role=\"presentation\">211 003312<\/span> <span dir=\"ltr\" role=\"presentation\">Multicar M21,<\/span> <span dir=\"ltr\" role=\"presentation\">K\u00fcrbisladung<\/span><span dir=\"ltr\" role=\"presentation\">,<\/span> <span dir=\"ltr\" role=\"presentation\">blau<\/span> <span dir=\"ltr\" role=\"presentation\">\u20ac 22<\/span><span dir=\"ltr\" role=\"presentation\">,<\/span><span dir=\"ltr\" role=\"presentation\">4<\/span><span dir=\"ltr\" role=\"presentation\">9<\/span><\/span><\/strong><\/p>\n<p><strong><span id=\"page51R_mcid1\" class=\"markedContent\"><span dir=\"ltr\" role=\"presentation\">Alle Preise sind unverbindlich empfohlene Verkaufspreise in Deutschland.<\/span><\/span><\/strong><\/p>\n<p><strong><span id=\"page51R_mcid7\" class=\"markedContent\"><span dir=\"ltr\" role=\"presentation\">Das liegt Busch am Herzen!<\/span><\/span><\/strong><span id=\"page51R_mcid8\" class=\"markedContent\"><br role=\"presentation\" \/><span dir=\"ltr\" role=\"presentation\">\u00dcbrigens<\/span><span dir=\"ltr\" role=\"presentation\">,<\/span> <span dir=\"ltr\" role=\"presentation\">die<\/span> <span dir=\"ltr\" role=\"presentation\">aktuelle Formneuheit<\/span> <span dir=\"ltr\" role=\"presentation\">\u00bbFord Kuga\u00ab unterst\u00fctzt<\/span> <span dir=\"ltr\" role=\"presentation\">auch die \u00bbAk<\/span><span dir=\"ltr\" role=\"presentation\">tion f\u00fcr krebskranke Kinder\u00ab,<\/span> <span dir=\"ltr\" role=\"presentation\">der<\/span> <span dir=\"ltr\" role=\"presentation\">j\u00e4hrliche<\/span><span dir=\"ltr\" role=\"presentation\">n<\/span> <span dir=\"ltr\" role=\"presentation\">Benefizaktion<\/span> <span dir=\"ltr\" role=\"presentation\">von Busch<\/span><span dir=\"ltr\" role=\"presentation\">. Sie ist ein ganz besonderes Ereignis f\u00fcr<\/span> <span dir=\"ltr\" role=\"presentation\">alle<\/span> <span dir=\"ltr\" role=\"presentation\">Sammler, die<\/span> <span dir=\"ltr\" role=\"presentation\">schon gespannt darauf warten. Wie jedes Jahr<\/span> <span dir=\"ltr\" role=\"presentation\">wurden<\/span> <span dir=\"ltr\" role=\"presentation\">zwei unterschiedlich marmorierte Fahrzeuge<\/span> <span dir=\"ltr\" role=\"presentation\">(\u00bbMarmor pink\u00ab und \u00bbMarmor gr\u00fcn\u00ab<\/span><span dir=\"ltr\" role=\"presentation\">) bei eBay versteigert<\/span> <span dir=\"ltr\" role=\"presentation\">und der Erl\u00f6s kommt der Deutschen<\/span> <span dir=\"ltr\" role=\"presentation\">Leuk\u00e4mie<\/span><span dir=\"ltr\" role=\"presentation\">&#8211;<\/span><span dir=\"ltr\" role=\"presentation\">Forschungs<\/span><span dir=\"ltr\" role=\"presentation\">&#8211;<\/span><span dir=\"ltr\" role=\"presentation\">Hilfe<\/span> <span dir=\"ltr\" role=\"presentation\">\u2013<\/span> <span dir=\"ltr\" role=\"presentation\">Aktion f\u00fcr krebskranke Kinder<\/span> <span dir=\"ltr\" role=\"presentation\">\u2013<\/span> <span dir=\"ltr\" role=\"presentation\">in Mannheim zugute<\/span> <span dir=\"ltr\" role=\"presentation\">(<\/span><\/span><span id=\"page51R_mcid9\" class=\"markedContent\"><span dir=\"ltr\" role=\"presentation\">www.krebskranke<\/span><span dir=\"ltr\" role=\"presentation\">&#8211;<\/span><span dir=\"ltr\" role=\"presentation\">kinder.de<\/span><\/span><span id=\"page51R_mcid10\" class=\"markedContent\"><span dir=\"ltr\" role=\"presentation\">)<\/span><span dir=\"ltr\" role=\"presentation\">.<\/span><\/span><span id=\"page51R_mcid11\" class=\"markedContent\"><\/span><span id=\"page51R_mcid12\" class=\"markedContent\"><br role=\"presentation\" \/><span dir=\"ltr\" role=\"presentation\">Da si<\/span><span dir=\"ltr\" role=\"presentation\">ch die Organisation nur durch private Spendengelder finanziert und auf die Mithilfe<\/span> <span dir=\"ltr\" role=\"presentation\">ehrenamtlicher Helfer angewiesen ist, freut man sich \u00fcber jede noch so kleine Spende. Damit finanziert<\/span><br role=\"presentation\" \/><span dir=\"ltr\" role=\"presentation\">sich beispielsweise das Elternhaus, in dem die Eltern der kleinen Pat<\/span><span dir=\"ltr\" role=\"presentation\">ienten \u00fcbernachten k\u00f6nnen. Davon<\/span> <span dir=\"ltr\" role=\"presentation\">kann zus\u00e4tzliches Pflegepersonal bezahlt werden, davon geht auch einiges in die Krebsforschung und<\/span> <span dir=\"ltr\" role=\"presentation\">mit einem Teil versucht man, die W\u00fcnsche der kleinen Patienten zu realisieren. W\u00fcnsche, die ein<\/span> <span dir=\"ltr\" role=\"presentation\">Leuchten in die Augen der Ki<\/span><span dir=\"ltr\" role=\"presentation\">nder zur\u00fcckbringen. Ein Leuchten, das die dunkle Welt um die kleinen<\/span> <span dir=\"ltr\" role=\"presentation\">Patienten ein wenig erhellt.<\/span> <span dir=\"ltr\" role=\"presentation\">Gerade in Corona<\/span><span dir=\"ltr\" role=\"presentation\">&#8211;<\/span><span dir=\"ltr\" role=\"presentation\">Zeiten, mit eingeschr\u00e4nkten Besuchsrechten, sind<\/span> <span dir=\"ltr\" role=\"presentation\">Projekte wie die Wunschbox, der Klinikclown, Kunst<\/span><span dir=\"ltr\" role=\"presentation\">&#8211;<\/span> <span dir=\"ltr\" role=\"presentation\">und Musiktherapie, Mutperlen u.v.m. wich<\/span><span dir=\"ltr\" role=\"presentation\">tig f\u00fcr<\/span> <span dir=\"ltr\" role=\"presentation\">die Kinder. H<\/span><span dir=\"ltr\" role=\"presentation\">elfen<\/span> <span dir=\"ltr\" role=\"presentation\">auch<\/span> <span dir=\"ltr\" role=\"presentation\">Sie, jeder noch so kleine Beitrag beschert ein Kinderl\u00e4cheln. D<\/span><span dir=\"ltr\" role=\"presentation\">ie<\/span> <span dir=\"ltr\" role=\"presentation\">Spenden<\/span><span dir=\"ltr\" role=\"presentation\">&#8211;<\/span><span dir=\"ltr\" role=\"presentation\">Adresse: DLFH<\/span> <span dir=\"ltr\" role=\"presentation\">\u2013<\/span> <span dir=\"ltr\" role=\"presentation\">Aktion f\u00fcr krebskranke Kinder<\/span> <span dir=\"ltr\" role=\"presentation\">\u2013<\/span> <span dir=\"ltr\" role=\"presentation\">O.V. Mannheim e.V., Stichwort:<\/span> <span dir=\"ltr\" role=\"presentation\">\u00bbWunschbox\u00ab, Sparkasse Rhein<\/span><span dir=\"ltr\" role=\"presentation\">&#8211;<\/span><span dir=\"ltr\" role=\"presentation\">Neckar Nord, SWiFT<\/span><span dir=\"ltr\" role=\"presentation\">&#8211;<\/span><span dir=\"ltr\" role=\"presentation\">BiC MANSDE 66XXX, IBAN<\/span> <span dir=\"ltr\" role=\"presentation\">DE93 6705 0505<\/span> <span dir=\"ltr\" role=\"presentation\">0038 003801. Vielen Dank!<\/span><\/span><\/p>\n<p>&nbsp;<\/p>\n<p>Quelle: <a href=\"http:\/\/www.busch-model.com\" target=\"_blank\" rel=\"noopener\">Busch<\/a><\/p>\n\n","protected":false},"excerpt":{"rendered":"<p>Neben neuen Geb\u00e4uden und Zubeh\u00f6r stellte Busch zu dem Termin der Spielwarenmesse ihre Neuheiten vor. Hier ein \u00dcberblick der Fahrzeuge.<\/p>\n","protected":false},"author":1,"featured_media":11269,"comment_status":"closed","ping_status":"closed","sticky":false,"template":"","format":"standard","meta":{"ngg_post_thumbnail":0,"generate_page_header":"","jetpack_post_was_ever_published":false,"_jetpack_newsletter_access":"","_jetpack_dont_email_post_to_subs":false,"_jetpack_newsletter_tier_id":0,"_jetpack_memberships_contains_paywalled_content":false,"_jetpack_memberships_contains_paid_content":false,"footnotes":"","jetpack_publicize_message":"","jetpack_publicize_feature_enabled":true,"jetpack_social_post_already_shared":true,"jetpack_social_options":{"image_generator_settings":{"template":"highway","default_image_id":0,"enabled":false},"version":2}},"categories":[449],"tags":[874,1378,1379,1380,1381],"class_list":["post-11203","post","type-post","status-publish","format-standard","has-post-thumbnail","hentry","category-alles-rund-um-modellbahn","tag-busch","tag-busch-automodelle","tag-ford-ranger","tag-kuebelwagen","tag-vw-181-kurierwagen"],"jetpack_publicize_connections":[],"jetpack_featured_media_url":"http:\/\/mikanews.net\/wp-content\/uploads\/2022\/02\/Busch_Automodelle_2022.jpg","jetpack_sharing_enabled":true,"jetpack_shortlink":"https:\/\/wp.me\/p7TL9y-2UH","amp_enabled":true,"_links":{"self":[{"href":"http:\/\/mikanews.net\/index.php?rest_route=\/wp\/v2\/posts\/11203","targetHints":{"allow":["GET"]}}],"collection":[{"href":"http:\/\/mikanews.net\/index.php?rest_route=\/wp\/v2\/posts"}],"about":[{"href":"http:\/\/mikanews.net\/index.php?rest_route=\/wp\/v2\/types\/post"}],"author":[{"embeddable":true,"href":"http:\/\/mikanews.net\/index.php?rest_route=\/wp\/v2\/users\/1"}],"replies":[{"embeddable":true,"href":"http:\/\/mikanews.net\/index.php?rest_route=%2Fwp%2Fv2%2Fcomments&post=11203"}],"version-history":[{"count":3,"href":"http:\/\/mikanews.net\/index.php?rest_route=\/wp\/v2\/posts\/11203\/revisions"}],"predecessor-version":[{"id":11268,"href":"http:\/\/mikanews.net\/index.php?rest_route=\/wp\/v2\/posts\/11203\/revisions\/11268"}],"wp:featuredmedia":[{"embeddable":true,"href":"http:\/\/mikanews.net\/index.php?rest_route=\/wp\/v2\/media\/11269"}],"wp:attachment":[{"href":"http:\/\/mikanews.net\/index.php?rest_route=%2Fwp%2Fv2%2Fmedia&parent=11203"}],"wp:term":[{"taxonomy":"category","embeddable":true,"href":"http:\/\/mikanews.net\/index.php?rest_route=%2Fwp%2Fv2%2Fcategories&post=11203"},{"taxonomy":"post_tag","embeddable":true,"href":"http:\/\/mikanews.net\/index.php?rest_route=%2Fwp%2Fv2%2Ftags&post=11203"}],"curies":[{"name":"wp","href":"https:\/\/api.w.org\/{rel}","templated":true}]}}