{"id":533,"date":"2016-09-01T20:19:29","date_gmt":"2016-09-01T18:19:29","guid":{"rendered":"http:\/\/mikanews.net\/rc\/?p=533"},"modified":"2016-09-01T20:19:29","modified_gmt":"2016-09-01T18:19:29","slug":"flugtage-altenburg-die-region-hebt-ab","status":"publish","type":"post","link":"http:\/\/mikanews.net\/?p=533","title":{"rendered":"Flugtage Altenburg, die Region hebt ab!"},"content":{"rendered":"<p>\u201eMotoren an\u201c und \u201eBitte anschnallen\u201c, hei\u00dft es erneut zu den Flugtagen Altenburg. Sind vor Jahren noch die Airliner in Richtung S\u00fcden abgehoben, so starten am ersten Septemberwochenende YAK\u00b4s, Suchois &amp; Co. in den Himmel \u00fcber Altenburg.<br \/>\nZahlreiche historische Flugzeuge, Warbirds und nat\u00fcrlich auch Kunstflieger werden zu bewundern sein und am Himmel f\u00fcr spektakul\u00e4re Shows und Flugeinlagen sorgen. Daf\u00fcr wird unter anderem ein ehemaliger Vizemeister der deutschen Meisterschaft im Motorkunstflug sorgen.<\/p>\n<p><a href=\"http:\/\/mikanews.net\/rc\/wp-content\/uploads\/2016\/09\/Flugtage_Altenburg_4.jpg\" rel=\"lightbox[533]\"><img loading=\"lazy\" decoding=\"async\" class=\"aligncenter size-medium wp-image-538\" src=\"http:\/\/mikanews.net\/rc\/wp-content\/uploads\/2016\/09\/Flugtage_Altenburg_4-300x200.jpg\" alt=\"Flugtage_Altenburg_4\" width=\"300\" height=\"200\" srcset=\"http:\/\/mikanews.net\/wp-content\/uploads\/2016\/09\/Flugtage_Altenburg_4-300x200.jpg 300w, http:\/\/mikanews.net\/wp-content\/uploads\/2016\/09\/Flugtage_Altenburg_4.jpg 651w\" sizes=\"auto, (max-width: 300px) 100vw, 300px\" \/><\/a><br \/>\nNeben den Flugvorf\u00fchrungen wird es mehrere Rundflugfenster geben, bei denen die M\u00f6glichkeit besteht, in viele der teilnehmenden Flugzeuge selbst einzusteigen und sich Altenburg und Umgebung von oben anzusehen. Am Start sind hier z. B. die AN2 &#8211; bekannt als Traktor der L\u00fcfte &#8211; eine Dornier Do27, Helikopter, Ultraleichtflieger und auch Kunstflug ist m\u00f6glich.<br \/>\nBereits 2015 wurde der Modellbau bei den Flugtagen pr\u00e4sentiert. F\u00fcr dieses Jahr sind zahlreiche weitere Aktionen\/Vorf\u00fchrungen in diesem Bereich geplant. So wird es in der Luft Vorf\u00fchrungen von Jetmodellen sowohl als Einzel- als auch Formationskunstflug, Turbinensegler, Helikopter und die spektakul\u00e4ren Pulso \u2013 Flieger geben.<a href=\"http:\/\/mikanews.net\/rc\/wp-content\/uploads\/2016\/09\/Flugtage_Altenburg_5.jpg\" rel=\"lightbox[533]\"><img loading=\"lazy\" decoding=\"async\" class=\"aligncenter size-medium wp-image-539\" src=\"http:\/\/mikanews.net\/rc\/wp-content\/uploads\/2016\/09\/Flugtage_Altenburg_5-300x197.jpg\" alt=\"Flugtage_Altenburg_5\" width=\"300\" height=\"197\" srcset=\"http:\/\/mikanews.net\/wp-content\/uploads\/2016\/09\/Flugtage_Altenburg_5-300x197.jpg 300w, http:\/\/mikanews.net\/wp-content\/uploads\/2016\/09\/Flugtage_Altenburg_5.jpg 646w\" sizes=\"auto, (max-width: 300px) 100vw, 300px\" \/><\/a><\/p>\n<p>Am Boden warten neben einem gro\u00dfen Modellpanzer-Parcours, eine RC-Rennstrecke, eine Carrera &#8211; Bahn, Modelleisenbahnen und weitere Attraktionen rund um das Thema Modellbau.<br \/>\nSpannende Aktionen wie Kinderanimation, eine Quadstrecke und anderes mehr sorgen f\u00fcr Abwechslung und kurze Weile.<br \/>\nErstmals zu den Flugtagen gibt es ein Kombiticket, welches neben dem Beuch der Flugtage auch den Besuch des Museums Flugwelt Altenburg erm\u00f6glicht. Erleben und besichtigen Sie hautnah teils einzigartige Exponate der Fluggeschichte, wie den U-Bootj\u00e4ger Breguet \u201eAtlantic\u201c, die Transall, die legend\u00e4re MIG, Starfighter, Hubschrauber und vieles mehr.<\/p>\n<p><div id='gallery-1' class='gallery galleryid-533 gallery-columns-4 gallery-size-thumbnail'><figure class='gallery-item'>\n\t\t\t<div class='gallery-icon landscape'>\n\t\t\t\t<a href='http:\/\/mikanews.net\/wp-content\/uploads\/2016\/09\/Flugtage_Altenburg_3.jpg' rel=\"lightbox[533]\"><img loading=\"lazy\" decoding=\"async\" width=\"150\" height=\"150\" src=\"http:\/\/mikanews.net\/wp-content\/uploads\/2016\/09\/Flugtage_Altenburg_3-150x150.jpg\" class=\"attachment-thumbnail size-thumbnail\" alt=\"\" \/><\/a>\n\t\t\t<\/div><\/figure><figure class='gallery-item'>\n\t\t\t<div class='gallery-icon landscape'>\n\t\t\t\t<a href='http:\/\/mikanews.net\/wp-content\/uploads\/2016\/09\/Flugtage_Altenburg_2.jpg' rel=\"lightbox[533]\"><img loading=\"lazy\" decoding=\"async\" width=\"150\" height=\"150\" src=\"http:\/\/mikanews.net\/wp-content\/uploads\/2016\/09\/Flugtage_Altenburg_2-150x150.jpg\" class=\"attachment-thumbnail size-thumbnail\" alt=\"\" \/><\/a>\n\t\t\t<\/div><\/figure><figure class='gallery-item'>\n\t\t\t<div class='gallery-icon landscape'>\n\t\t\t\t<a href='http:\/\/mikanews.net\/wp-content\/uploads\/2016\/09\/Flugtage_Altenburg_1.jpg' rel=\"lightbox[533]\"><img loading=\"lazy\" decoding=\"async\" width=\"150\" height=\"150\" src=\"http:\/\/mikanews.net\/wp-content\/uploads\/2016\/09\/Flugtage_Altenburg_1-150x150.jpg\" class=\"attachment-thumbnail size-thumbnail\" alt=\"\" \/><\/a>\n\t\t\t<\/div><\/figure><figure class='gallery-item'>\n\t\t\t<div class='gallery-icon landscape'>\n\t\t\t\t<a href='http:\/\/mikanews.net\/wp-content\/uploads\/2016\/09\/Flugtage_Altenburg_6.jpg' rel=\"lightbox[533]\"><img loading=\"lazy\" decoding=\"async\" width=\"150\" height=\"150\" src=\"http:\/\/mikanews.net\/wp-content\/uploads\/2016\/09\/Flugtage_Altenburg_6-150x150.jpg\" class=\"attachment-thumbnail size-thumbnail\" alt=\"\" \/><\/a>\n\t\t\t<\/div><\/figure>\n\t\t<\/div>\n<br \/>\nZu den Flugtagen wird es auch eine Oldtimerausstellung geben, an der jeder kostenfrei teilnehmen kann. Alle Besitzer entsprechender Fahrzeuge (PKW, Motorrad, Traktor, LKW) erhalten an dem Wochenende freien Eintritt. Anmeldungen erw\u00fcnscht.<br \/>\nDie Flugtage Altenburg, ein Fest f\u00fcr die ganze Familie!<br \/>\nAlle Informationen gibt es unter<br \/>\nwww.flugtage-altenburg.de<br \/>\nwww.facebook.com\/flugtagealtenburg<br \/>\n01805 \/ 552766 (0,14 \u20ac pro Min. Festnetz \/ max. 0,42 \u20ac pro Min. Mobilfunk).<\/p>\n<p><strong>Quelle \/ Bilder:<\/strong><\/p>\n<p><strong>IDECON-Team<\/strong><strong> Eventmanagement und<br \/>\nTV-Produktionsgesellschaft mbH<\/strong><br \/>\nBrandvorwerkstra\u00dfe 52 &#8211; 54<\/p>\n<p>04275 Leipzig<\/p>\n","protected":false},"excerpt":{"rendered":"<p>\u201eMotoren an\u201c und \u201eBitte anschnallen\u201c, hei\u00dft es erneut zu den Flugtagen Altenburg. Sind vor Jahren noch die Airliner in Richtung &#8230; <a title=\"Flugtage Altenburg, die Region hebt ab!\" class=\"read-more\" href=\"http:\/\/mikanews.net\/?p=533\" aria-label=\"Mehr Informationen \u00fcber Flugtage Altenburg, die Region hebt ab!\">weiterlesen&#8230;<\/a><\/p>\n","protected":false},"author":1,"featured_media":534,"comment_status":"closed","ping_status":"closed","sticky":false,"template":"","format":"standard","meta":{"ngg_post_thumbnail":0,"generate_page_header":"","jetpack_post_was_ever_published":false,"_jetpack_newsletter_access":"","_jetpack_dont_email_post_to_subs":false,"_jetpack_newsletter_tier_id":0,"_jetpack_memberships_contains_paywalled_content":false,"_jetpack_memberships_contains_paid_content":false,"footnotes":"","jetpack_publicize_message":"","jetpack_publicize_feature_enabled":true,"jetpack_social_post_already_shared":false,"jetpack_social_options":{"image_generator_settings":{"template":"highway","default_image_id":0,"enabled":false},"version":2}},"categories":[1,6],"tags":[195],"class_list":["post-533","post","type-post","status-publish","format-standard","has-post-thumbnail","hentry","category-allgemein","category-info","tag-flugtage-altenburg"],"jetpack_publicize_connections":[],"jetpack_featured_media_url":"http:\/\/mikanews.net\/wp-content\/uploads\/2016\/09\/Flugtage_Altenburg_6.jpg","jetpack_sharing_enabled":true,"jetpack_shortlink":"https:\/\/wp.me\/p7TL9y-8B","amp_enabled":true,"_links":{"self":[{"href":"http:\/\/mikanews.net\/index.php?rest_route=\/wp\/v2\/posts\/533","targetHints":{"allow":["GET"]}}],"collection":[{"href":"http:\/\/mikanews.net\/index.php?rest_route=\/wp\/v2\/posts"}],"about":[{"href":"http:\/\/mikanews.net\/index.php?rest_route=\/wp\/v2\/types\/post"}],"author":[{"embeddable":true,"href":"http:\/\/mikanews.net\/index.php?rest_route=\/wp\/v2\/users\/1"}],"replies":[{"embeddable":true,"href":"http:\/\/mikanews.net\/index.php?rest_route=%2Fwp%2Fv2%2Fcomments&post=533"}],"version-history":[{"count":1,"href":"http:\/\/mikanews.net\/index.php?rest_route=\/wp\/v2\/posts\/533\/revisions"}],"predecessor-version":[{"id":540,"href":"http:\/\/mikanews.net\/index.php?rest_route=\/wp\/v2\/posts\/533\/revisions\/540"}],"wp:featuredmedia":[{"embeddable":true,"href":"http:\/\/mikanews.net\/index.php?rest_route=\/wp\/v2\/media\/534"}],"wp:attachment":[{"href":"http:\/\/mikanews.net\/index.php?rest_route=%2Fwp%2Fv2%2Fmedia&parent=533"}],"wp:term":[{"taxonomy":"category","embeddable":true,"href":"http:\/\/mikanews.net\/index.php?rest_route=%2Fwp%2Fv2%2Fcategories&post=533"},{"taxonomy":"post_tag","embeddable":true,"href":"http:\/\/mikanews.net\/index.php?rest_route=%2Fwp%2Fv2%2Ftags&post=533"}],"curies":[{"name":"wp","href":"https:\/\/api.w.org\/{rel}","templated":true}]}}