{"id":9136,"date":"2021-01-22T12:06:29","date_gmt":"2021-01-22T11:06:29","guid":{"rendered":"http:\/\/mikanews.net\/?p=9136"},"modified":"2021-01-22T12:06:29","modified_gmt":"2021-01-22T11:06:29","slug":"75-jahre-faller-neuheiten-praesentation-2021-teil-i","status":"publish","type":"post","link":"http:\/\/mikanews.net\/?p=9136","title":{"rendered":"75 Jahre FALLER\u2013 Neuheiten-Pr\u00e4sentation 2021. Teil I"},"content":{"rendered":"<p><strong>G\u00fctenbach\/Schwarzwald, Januar 2021<\/strong> \u2013 In reichlich unsicheren Zeiten, aber voller Optimismus startet die Gebr. FALLER GmbH 2021 in ihr 75-j\u00e4hriges Firmenjubil\u00e4um. \u00bbDer Trend seit einigen <!--more-->Jahren, dass das Hobby Modellbau\/Modellbahn von vielen Menschen neu entdeckt, wiederentdeckt oder intensiviert wird, hat sich zuletzt rasant verst\u00e4rkt. Die Modellbauwelt ist noch bunter, vielf\u00e4ltiger und j\u00fcnger geworden. Wir danken allen Kunden, Partnern und Freunden sehr f\u00fcr die wohlwollende Begleitung und Anerkennung, die das Unternehmen und seine Mitarbeiter seit 75 Jahren erfahren und wir begr\u00fc\u00dfen herzlich all jene, die wir gerade erst neu kennenlernen d\u00fcrfen.\u00ab so Horst Neidhard, gesch\u00e4ftsf\u00fchrender Gesellschafter. \u00bbSeien Sie bereit f\u00fcr ein herausragendes Modellbaujahr!\u00ab Updates und Termine f\u00fcr m\u00f6gliche Feierlichkeiten und Feste in der zweiten Jahresh\u00e4lfte werden bekanntgegeben, sobald die Situation verl\u00e4ssliche Zusagen zul\u00e4sst.<\/p>\n<p><strong>FALLER NEUHEITEN 2021 No 1 \u2013 Der neue Prospekt<\/strong><\/p>\n<p>Im Jubil\u00e4umsjahr erscheint ein besonders farbenfrohes, weit gef\u00e4chertes und umfangreiches Programm. Den Start machen \u00fcber 200 Produktneuheiten, die ab sofort und bis in den Monat Juni hinein im Handel erscheinen werden, pr\u00e4sentiert in den vier Prospekten \u00bbFALLER\u00ab, \u00bbPOLA G\u00ab, \u00bbMiniaturfiguren\u00ab und \u00bbMilitary\u00ab. Ab April erreichen die neuen Modelle der HOBBY-Einsteigerserie den Fachhandel und anschlie\u00dfend zahlreiche weitere Jubil\u00e4umsaktionen. Der zweite Teil der FALLER Neuheiten-Pr\u00e4sentation 2021 folgt im Herbst.<\/p>\n<p><strong>Schloss Bran \u2013 Das Jubil\u00e4umsmodell<\/strong><\/p>\n<p>Limitiertes PREMIUM Modell im Jubil\u00e4umsjahr ist \u00bbSchloss Bran\u00ab. Der originalgetreue H0-Bausatz der sagenumwobenen Burgfestung in Rum\u00e4nien regt zum Tr\u00e4umen und Planen an.<\/p>\n<hr \/>\n<figure id=\"attachment_9137\" aria-describedby=\"caption-attachment-9137\" style=\"width: 290px\" class=\"wp-caption aligncenter\"><a href=\"http:\/\/mikanews.net\/wp-content\/uploads\/2021\/01\/130820-Schloss-Bran.jpg\" rel=\"lightbox[9136]\"><img loading=\"lazy\" decoding=\"async\" class=\"wp-image-9137 size-medium\" src=\"http:\/\/mikanews.net\/wp-content\/uploads\/2021\/01\/130820-Schloss-Bran-300x213.jpg\" alt=\"\" width=\"300\" height=\"213\" srcset=\"http:\/\/mikanews.net\/wp-content\/uploads\/2021\/01\/130820-Schloss-Bran-300x213.jpg 300w, http:\/\/mikanews.net\/wp-content\/uploads\/2021\/01\/130820-Schloss-Bran.jpg 750w\" sizes=\"auto, (max-width: 300px) 100vw, 300px\" \/><\/a><figcaption id=\"caption-attachment-9137\" class=\"wp-caption-text\">Schloss Bran &#8211; Quelle: Faller<\/figcaption><\/figure>\n<div id='gallery-1' class='gallery galleryid-9136 gallery-columns-3 gallery-size-thumbnail'><figure class='gallery-item'>\n\t\t\t<div class='gallery-icon landscape'>\n\t\t\t\t<a href='http:\/\/mikanews.net\/wp-content\/uploads\/2021\/01\/130820_fg_01.jpg' rel=\"lightbox[9136]\"><img loading=\"lazy\" decoding=\"async\" width=\"150\" height=\"150\" src=\"http:\/\/mikanews.net\/wp-content\/uploads\/2021\/01\/130820_fg_01-150x150.jpg\" class=\"attachment-thumbnail size-thumbnail\" alt=\"\" aria-describedby=\"gallery-1-9138\" \/><\/a>\n\t\t\t<\/div>\n\t\t\t\t<figcaption class='wp-caption-text gallery-caption' id='gallery-1-9138'>\n\t\t\t\tSchloss Bran &#8211; Quelle: Faller\n\t\t\t\t<\/figcaption><\/figure><figure class='gallery-item'>\n\t\t\t<div class='gallery-icon landscape'>\n\t\t\t\t<a href='http:\/\/mikanews.net\/wp-content\/uploads\/2021\/01\/130820_02.jpg' rel=\"lightbox[9136]\"><img loading=\"lazy\" decoding=\"async\" width=\"150\" height=\"150\" src=\"http:\/\/mikanews.net\/wp-content\/uploads\/2021\/01\/130820_02-150x150.jpg\" class=\"attachment-thumbnail size-thumbnail\" alt=\"\" aria-describedby=\"gallery-1-9139\" \/><\/a>\n\t\t\t<\/div>\n\t\t\t\t<figcaption class='wp-caption-text gallery-caption' id='gallery-1-9139'>\n\t\t\t\tSchloss Bran &#8211; Quelle: Faller\n\t\t\t\t<\/figcaption><\/figure><figure class='gallery-item'>\n\t\t\t<div class='gallery-icon portrait'>\n\t\t\t\t<a href='http:\/\/mikanews.net\/wp-content\/uploads\/2021\/01\/130820_fg_02.jpg' rel=\"lightbox[9136]\"><img loading=\"lazy\" decoding=\"async\" width=\"150\" height=\"150\" src=\"http:\/\/mikanews.net\/wp-content\/uploads\/2021\/01\/130820_fg_02-150x150.jpg\" class=\"attachment-thumbnail size-thumbnail\" alt=\"\" aria-describedby=\"gallery-1-9140\" \/><\/a>\n\t\t\t<\/div>\n\t\t\t\t<figcaption class='wp-caption-text gallery-caption' id='gallery-1-9140'>\n\t\t\t\tSchloss Bran &#8211; Quelle: Faller\n\t\t\t\t<\/figcaption><\/figure>\n\t\t<\/div>\n\n<hr \/>\n<p><strong>Geb\u00e4udemodelle \u2013 Aus L\u00e4ndern und Regionen<\/strong><\/p>\n<p>Vier der sch\u00f6nsten Sortiment-Highlights nach regionaltypischen Vorbildern vereint, erstmalig als Ensemble, das \u00bbSchwarzwald-Set Vogtsbauernhof\u00ab. Bei den neuen Modellen nach Schweizer Vorbildern dreht sich 2021 alles um das Engadin. Die Gemeinden \u00bbBever\u00ab und \u00bbZernez\u00ab er\u00f6ffnen mit zwei Bahnbauten den Reigen. Aus Bremen gr\u00fc\u00dft die \u00bbOberneulander M\u00fchle\u00ab, ein motorisierbares Lasercut-Glanzst\u00fcck f\u00fcr die Spur Z. Nach dem Originalvorbild am Frankfurter R\u00f6merberg erscheint als erstes Aktions-Set 2021 die Wiederauflage der sechsteiligen \u00bbR\u00f6merberg-Ostzeile\u00ab.<\/p>\n<hr \/>\n<div id='gallery-2' class='gallery galleryid-9136 gallery-columns-4 gallery-size-thumbnail'><figure class='gallery-item'>\n\t\t\t<div class='gallery-icon landscape'>\n\t\t\t\t<a href='http:\/\/mikanews.net\/wp-content\/uploads\/2021\/01\/130677-Schwarzwald-Set-Vogtsbauernhof.jpg' rel=\"lightbox[9136]\"><img loading=\"lazy\" decoding=\"async\" width=\"150\" height=\"150\" src=\"http:\/\/mikanews.net\/wp-content\/uploads\/2021\/01\/130677-Schwarzwald-Set-Vogtsbauernhof-150x150.jpg\" class=\"attachment-thumbnail size-thumbnail\" alt=\"\" aria-describedby=\"gallery-2-9144\" \/><\/a>\n\t\t\t<\/div>\n\t\t\t\t<figcaption class='wp-caption-text gallery-caption' id='gallery-2-9144'>\n\t\t\t\tSchwarzwald-Set Vogtsbauernhof &#8211; Quelle: Faller\n\t\t\t\t<\/figcaption><\/figure><figure class='gallery-item'>\n\t\t\t<div class='gallery-icon landscape'>\n\t\t\t\t<a href='http:\/\/mikanews.net\/wp-content\/uploads\/2021\/01\/330890-Nebenbahnlokschuppen.jpg' rel=\"lightbox[9136]\"><img loading=\"lazy\" decoding=\"async\" width=\"150\" height=\"150\" src=\"http:\/\/mikanews.net\/wp-content\/uploads\/2021\/01\/330890-Nebenbahnlokschuppen-150x150.jpg\" class=\"attachment-thumbnail size-thumbnail\" alt=\"\" aria-describedby=\"gallery-2-9145\" \/><\/a>\n\t\t\t<\/div>\n\t\t\t\t<figcaption class='wp-caption-text gallery-caption' id='gallery-2-9145'>\n\t\t\t\tNebenbahnlokschuppen &#8211; Quelle: Faller\n\t\t\t\t<\/figcaption><\/figure><figure class='gallery-item'>\n\t\t\t<div class='gallery-icon landscape'>\n\t\t\t\t<a href='http:\/\/mikanews.net\/wp-content\/uploads\/2021\/01\/Berghaus-Anton-Lerchner.jpg' rel=\"lightbox[9136]\"><img loading=\"lazy\" decoding=\"async\" width=\"150\" height=\"150\" src=\"http:\/\/mikanews.net\/wp-content\/uploads\/2021\/01\/Berghaus-Anton-Lerchner-150x150.jpg\" class=\"attachment-thumbnail size-thumbnail\" alt=\"\" aria-describedby=\"gallery-2-9146\" \/><\/a>\n\t\t\t<\/div>\n\t\t\t\t<figcaption class='wp-caption-text gallery-caption' id='gallery-2-9146'>\n\t\t\t\tBerghaus Anton Lerchner &#8211; Quelle: Faller\n\t\t\t\t<\/figcaption><\/figure><figure class='gallery-item'>\n\t\t\t<div class='gallery-icon landscape'>\n\t\t\t\t<a href='http:\/\/mikanews.net\/wp-content\/uploads\/2021\/01\/231707-Fabrikanlage.jpg' rel=\"lightbox[9136]\"><img loading=\"lazy\" decoding=\"async\" width=\"150\" height=\"150\" src=\"http:\/\/mikanews.net\/wp-content\/uploads\/2021\/01\/231707-Fabrikanlage-150x150.jpg\" class=\"attachment-thumbnail size-thumbnail\" alt=\"\" aria-describedby=\"gallery-2-9147\" \/><\/a>\n\t\t\t<\/div>\n\t\t\t\t<figcaption class='wp-caption-text gallery-caption' id='gallery-2-9147'>\n\t\t\t\tFabrikanlage &#8211; Quelle: Faller\n\t\t\t\t<\/figcaption><\/figure>\n\t\t<\/div>\n\n<hr \/>\n<p><strong>Car System Digital \u2013 Software-Release 2021<\/strong><\/p>\n<p>Die digitale Fahrzeug- und Verkehrssteuerung \u00bbCar System Digital\u00ab erh\u00e4lt im Jubil\u00e4umsjahr ihr bisher umfangreichstes Update: mit neuer funkbasierter Hardware im handlichen USB-Stick, mit optimierter Grafikdarstellung und neuer Softwareoberfl\u00e4che mit Dunkelmodus.<\/p>\n<hr \/>\n<div id='gallery-3' class='gallery galleryid-9136 gallery-columns-3 gallery-size-thumbnail'><figure class='gallery-item'>\n\t\t\t<div class='gallery-icon landscape'>\n\t\t\t\t<a href='http:\/\/mikanews.net\/wp-content\/uploads\/2021\/01\/161314-Car-System-Digital-LKW-MB-Actros-StreamSpace-HERPA.jpg' rel=\"lightbox[9136]\"><img loading=\"lazy\" decoding=\"async\" width=\"150\" height=\"150\" src=\"http:\/\/mikanews.net\/wp-content\/uploads\/2021\/01\/161314-Car-System-Digital-LKW-MB-Actros-StreamSpace-HERPA-150x150.jpg\" class=\"attachment-thumbnail size-thumbnail\" alt=\"\" aria-describedby=\"gallery-3-9141\" \/><\/a>\n\t\t\t<\/div>\n\t\t\t\t<figcaption class='wp-caption-text gallery-caption' id='gallery-3-9141'>\n\t\t\t\tCar System Digital LKW MB Actros StreamSpace (HERPA) &#8211; Quelle: Faller\n\t\t\t\t<\/figcaption><\/figure><figure class='gallery-item'>\n\t\t\t<div class='gallery-icon landscape'>\n\t\t\t\t<a href='http:\/\/mikanews.net\/wp-content\/uploads\/2021\/01\/161346_fg_01-Car-System-Digital-Funk-Master.jpg' rel=\"lightbox[9136]\"><img loading=\"lazy\" decoding=\"async\" width=\"150\" height=\"150\" src=\"http:\/\/mikanews.net\/wp-content\/uploads\/2021\/01\/161346_fg_01-Car-System-Digital-Funk-Master-150x150.jpg\" class=\"attachment-thumbnail size-thumbnail\" alt=\"\" aria-describedby=\"gallery-3-9142\" \/><\/a>\n\t\t\t<\/div>\n\t\t\t\t<figcaption class='wp-caption-text gallery-caption' id='gallery-3-9142'>\n\t\t\t\tCar System Digital, Funk-Master &#8211; Quelle: Faller\n\t\t\t\t<\/figcaption><\/figure><figure class='gallery-item'>\n\t\t\t<div class='gallery-icon landscape'>\n\t\t\t\t<a href='http:\/\/mikanews.net\/wp-content\/uploads\/2021\/01\/161345_fg_01-Funk-Erweiterungsmodul.jpg' rel=\"lightbox[9136]\"><img loading=\"lazy\" decoding=\"async\" width=\"150\" height=\"150\" src=\"http:\/\/mikanews.net\/wp-content\/uploads\/2021\/01\/161345_fg_01-Funk-Erweiterungsmodul-150x150.jpg\" class=\"attachment-thumbnail size-thumbnail\" alt=\"\" aria-describedby=\"gallery-3-9143\" \/><\/a>\n\t\t\t<\/div>\n\t\t\t\t<figcaption class='wp-caption-text gallery-caption' id='gallery-3-9143'>\n\t\t\t\tFunk-Erweiterungsmodul &#8211; Quelle: Faller\n\t\t\t\t<\/figcaption><\/figure>\n\t\t<\/div>\n\n<hr \/>\n<p><strong>2 Anlagenbau \u2013 Wasser, Leuchten und Laternen<\/strong><\/p>\n<p>Um bei der Wassergestaltung im Modell perfekte Resultate zu erm\u00f6glichen, wurde lange get\u00fcftelt und ausprobiert. Herausgekommen ist dabei \u00bb2K-Modellwasser\u00ab, die beste Gelegenheit einmal Neues zu wagen und einen Teich, See oder Fluss zu gestalten. F\u00fcr jede Stra\u00dfe und jeden Park die passende Beleuchtung bietet das erweiterte LED-Leuchtenprogramm \u2013 stimmungsvoll, bereits anschlussfertig und energiesparend<\/p>\n<hr \/>\n<figure id=\"attachment_9148\" aria-describedby=\"caption-attachment-9148\" style=\"width: 202px\" class=\"wp-caption aligncenter\"><a href=\"http:\/\/mikanews.net\/wp-content\/uploads\/2021\/01\/180106-LED-Laterne-Kugel-H\u00e4ngeleuchten-3-St\u00fcck.jpg\" rel=\"lightbox[9136]\"><img loading=\"lazy\" decoding=\"async\" class=\"size-medium wp-image-9148\" src=\"http:\/\/mikanews.net\/wp-content\/uploads\/2021\/01\/180106-LED-Laterne-Kugel-H\u00e4ngeleuchten-3-St\u00fcck-212x300.jpg\" alt=\"\" width=\"212\" height=\"300\" srcset=\"http:\/\/mikanews.net\/wp-content\/uploads\/2021\/01\/180106-LED-Laterne-Kugel-H\u00e4ngeleuchten-3-St\u00fcck-212x300.jpg 212w, http:\/\/mikanews.net\/wp-content\/uploads\/2021\/01\/180106-LED-Laterne-Kugel-H\u00e4ngeleuchten-3-St\u00fcck.jpg 529w\" sizes=\"auto, (max-width: 212px) 100vw, 212px\" \/><\/a><figcaption id=\"caption-attachment-9148\" class=\"wp-caption-text\">LED-Laterne, Kugel-H\u00e4ngeleuchten, 3 St\u00fcck &#8211; Quelle: Faller<\/figcaption><\/figure>\n<hr \/>\n<p>Weitere Informationen und Bilder zu allen Produkten der Neuheiten-Pr\u00e4sentation 2021. Teil I finden Sie auf: <a href=\"http:\/\/www.faller.de\" target=\"_blank\" rel=\"noopener\">www.faller.de<\/a>.<\/p>\n<p><strong>Die Gebr. FALLER GmbH im \u00dcberblick:<\/strong><\/p>\n<p>Die Gebr. FALLER GmbH ist IM KLEINEN GROSS. Seit 75 Jahren werden Geb\u00e4udebaus\u00e4tze und passendes Zubeh\u00f6r f\u00fcr den Modellbau hergestellt. Neben den eigenen Produkten hat FALLER 25 weitere Marken renommierter Hersteller im Vertrieb. Hauptabsatzbereich ist dabei Deutschland und das europ\u00e4ische Ausland. Das traditionsreiche Unternehmen wurde 1946 gegr\u00fcndet und hat den Firmensitz im S\u00fcdschwarzwald, in der N\u00e4he der Stadt Furtwangen. Hier werden die Produkte erdacht, entwickelt, hergestellt und vertrieben. In die ganze Welt.<\/p>\n<p><strong>Quelle:<\/strong> <a href=\"http:\/\/www.faller.de\" target=\"_blank\" rel=\"noopener noreferrer\">Gebr. FALLER GmbH<\/a><\/p>\n\n","protected":false},"excerpt":{"rendered":"<p>G\u00fctenbach\/Schwarzwald, Januar 2021 \u2013 In reichlich unsicheren Zeiten, aber voller Optimismus startet die Gebr. FALLER GmbH 2021 in ihr 75-j\u00e4hriges &#8230; <a title=\"75 Jahre FALLER\u2013 Neuheiten-Pr\u00e4sentation 2021. Teil I\" class=\"read-more\" href=\"http:\/\/mikanews.net\/?p=9136\" aria-label=\"Mehr Informationen \u00fcber 75 Jahre FALLER\u2013 Neuheiten-Pr\u00e4sentation 2021. Teil I\">weiterlesen&#8230;<\/a><\/p>\n","protected":false},"author":1,"featured_media":9137,"comment_status":"closed","ping_status":"closed","sticky":false,"template":"","format":"standard","meta":{"ngg_post_thumbnail":0,"generate_page_header":"","jetpack_post_was_ever_published":false,"_jetpack_newsletter_access":"","_jetpack_dont_email_post_to_subs":false,"_jetpack_newsletter_tier_id":0,"_jetpack_memberships_contains_paywalled_content":false,"_jetpack_memberships_contains_paid_content":false,"footnotes":"","jetpack_publicize_message":"","jetpack_publicize_feature_enabled":true,"jetpack_social_post_already_shared":true,"jetpack_social_options":{"image_generator_settings":{"template":"highway","default_image_id":0,"enabled":false},"version":2}},"categories":[449],"tags":[457,454,1125,451,1124,667,858,1126],"class_list":["post-9136","post","type-post","status-publish","format-standard","has-post-thumbnail","hentry","category-alles-rund-um-modellbahn","tag-car-system-digital","tag-eisenbahn","tag-fabrikanlage","tag-faller","tag-gebrueder-faller","tag-ho","tag-n","tag-schloss-bran"],"jetpack_publicize_connections":[],"jetpack_featured_media_url":"http:\/\/mikanews.net\/wp-content\/uploads\/2021\/01\/130820-Schloss-Bran.jpg","jetpack_sharing_enabled":true,"jetpack_shortlink":"https:\/\/wp.me\/p7TL9y-2nm","amp_enabled":true,"_links":{"self":[{"href":"http:\/\/mikanews.net\/index.php?rest_route=\/wp\/v2\/posts\/9136","targetHints":{"allow":["GET"]}}],"collection":[{"href":"http:\/\/mikanews.net\/index.php?rest_route=\/wp\/v2\/posts"}],"about":[{"href":"http:\/\/mikanews.net\/index.php?rest_route=\/wp\/v2\/types\/post"}],"author":[{"embeddable":true,"href":"http:\/\/mikanews.net\/index.php?rest_route=\/wp\/v2\/users\/1"}],"replies":[{"embeddable":true,"href":"http:\/\/mikanews.net\/index.php?rest_route=%2Fwp%2Fv2%2Fcomments&post=9136"}],"version-history":[{"count":1,"href":"http:\/\/mikanews.net\/index.php?rest_route=\/wp\/v2\/posts\/9136\/revisions"}],"predecessor-version":[{"id":9149,"href":"http:\/\/mikanews.net\/index.php?rest_route=\/wp\/v2\/posts\/9136\/revisions\/9149"}],"wp:featuredmedia":[{"embeddable":true,"href":"http:\/\/mikanews.net\/index.php?rest_route=\/wp\/v2\/media\/9137"}],"wp:attachment":[{"href":"http:\/\/mikanews.net\/index.php?rest_route=%2Fwp%2Fv2%2Fmedia&parent=9136"}],"wp:term":[{"taxonomy":"category","embeddable":true,"href":"http:\/\/mikanews.net\/index.php?rest_route=%2Fwp%2Fv2%2Fcategories&post=9136"},{"taxonomy":"post_tag","embeddable":true,"href":"http:\/\/mikanews.net\/index.php?rest_route=%2Fwp%2Fv2%2Ftags&post=9136"}],"curies":[{"name":"wp","href":"https:\/\/api.w.org\/{rel}","templated":true}]}}