{"id":9818,"date":"2021-05-28T13:26:08","date_gmt":"2021-05-28T11:26:08","guid":{"rendered":"http:\/\/mikanews.net\/?p=9818"},"modified":"2021-05-28T13:26:08","modified_gmt":"2021-05-28T11:26:08","slug":"neues-luftrecht-passiert-bundesrat-der-dmfv-trifft-weitere-vorbereitungen-fuer-eine-betriebserlaubnis","status":"publish","type":"post","link":"http:\/\/mikanews.net\/?p=9818","title":{"rendered":"Neues Luftrecht passiert Bundesrat &#8211; Der DMFV trifft weitere Vorbereitungen f\u00fcr eine Betriebserlaubnis"},"content":{"rendered":"<p>Anfang Mai 2021 verabschiedete der Deutsche Bundestag ein neues Gesetz zur \u00c4nderung des Luftrechts. Am 28. Mai dieses Jahres stimmte nun auch der Bundesrat dem Gesetz zu. Damit wird die <!--more-->EU-Drohnenverordnung in deutsches Recht \u00fcberf\u00fchrt. F\u00fcr den Deutschen Modellflieger Verband (DMFV) ist auf diese Weise die Grundlage geschaffen, eine Betriebserlaubnis zu erhalten. Diese erlaubt es Modellfliegern, abweichend von den europaweiten Regularien der \u201eOffenen Kategorie\u201c zu fliegen. F\u00fcr im DMFV organisierte Piloten wird sich damit kaum etwas im Vergleich zu den bereits bestehenden Regelungen \u00e4ndern. Bis zur Erteilung der Betriebserlaubnis gelten zudem \u00dcbergangsfristen.<\/p>\n<hr \/>\n<figure id=\"attachment_7988\" aria-describedby=\"caption-attachment-7988\" style=\"width: 290px\" class=\"wp-caption aligncenter\"><a href=\"http:\/\/mikanews.net\/wp-content\/uploads\/2020\/03\/Logo_DMFV.jpg\" rel=\"lightbox[9818]\"><img loading=\"lazy\" decoding=\"async\" class=\"size-medium wp-image-7988\" src=\"http:\/\/mikanews.net\/wp-content\/uploads\/2020\/03\/Logo_DMFV-300x204.jpg\" alt=\"\" width=\"300\" height=\"204\" srcset=\"http:\/\/mikanews.net\/wp-content\/uploads\/2020\/03\/Logo_DMFV-300x204.jpg 300w, http:\/\/mikanews.net\/wp-content\/uploads\/2020\/03\/Logo_DMFV-768x521.jpg 768w, http:\/\/mikanews.net\/wp-content\/uploads\/2020\/03\/Logo_DMFV.jpg 850w\" sizes=\"auto, (max-width: 300px) 100vw, 300px\" \/><\/a><figcaption id=\"caption-attachment-7988\" class=\"wp-caption-text\">Logo DMFV &#8211; Quelle: DMFV<\/figcaption><\/figure>\n<hr \/>\n<p>DMFV-Pr\u00e4sident Hans Schw\u00e4gerl: \u201eEs ist kein Geheimnis, dass wir nicht mit allen Punkten des neuen Luftrechts gl\u00fccklich sind. Dennoch \u00fcberwiegt die Zuversicht. Zum einen hatten wir als Verband durch unsere gute Zusammenarbeit mit verschiedenen EU-Parlamentariern und deutschen Beh\u00f6rden ma\u00dfgeblich dazu beigetragen, dass die EU-Kommission eine Entscheidung zugunsten der Modellflugsportler gef\u00e4llt hat. An der im damaligen Verfahren er\u00f6ffneten M\u00f6glichkeit, eine Betriebserlaubnis zu erhalten und damit den Modellflug von bestimmten Regularien der EU-Drohnenverordnung auszunehmen, hat sich schlie\u00dflich nichts ge\u00e4ndert. Zum anderen haben wir nun Planungssicherheit und k\u00f6nnen uns voll und ganz darauf konzentrieren, die Betriebserlaubnis von den Beh\u00f6rden zu erhalten. Darauf liegt jetzt unser Fokus.\u201d<\/p>\n<p>Der DMFV hat bereits Mitte 2019 einen Antrag auf eine Betriebserlaubnis gestellt und wird nach Inkrafttreten des neuen Luftrechts in weiteren Gespr\u00e4chen mit den Beh\u00f6rden letzte Details kl\u00e4ren. Durch die bis Ende 2022 geltende \u00dcbergangsfrist bleibt daf\u00fcr ausreichend Zeit.<\/p>\n<p>Weitere Infos und Details zum neuen Luftrecht unter: <a href=\"https:\/\/www.dmfv.aero\/spezialthemen\/internationales\/eu-regulierung\/neues-luftrecht-auswirkungen-auf-den-modellflug\/\" target=\"_blank\" rel=\"noopener\">https:\/\/www.dmfv.aero\/spezialthemen\/internationales\/eu-regulierung\/neues-luftrecht-auswirkungen-auf-den-modellflug\/<\/a><\/p>\n<p><strong>Quelle:<\/strong>\u00a0<a href=\"https:\/\/www.dmfv.aero\/\" target=\"_blank\" rel=\"noopener\">DMFV<\/a><\/p>\n\n","protected":false},"excerpt":{"rendered":"<p>Anfang Mai 2021 verabschiedete der Deutsche Bundestag ein neues Gesetz zur \u00c4nderung des Luftrechts. Am 28. Mai dieses Jahres stimmte &#8230; <a title=\"Neues Luftrecht passiert Bundesrat &#8211; Der DMFV trifft weitere Vorbereitungen f\u00fcr eine Betriebserlaubnis\" class=\"read-more\" href=\"http:\/\/mikanews.net\/?p=9818\" aria-label=\"Mehr Informationen \u00fcber Neues Luftrecht passiert Bundesrat &#8211; Der DMFV trifft weitere Vorbereitungen f\u00fcr eine Betriebserlaubnis\">weiterlesen&#8230;<\/a><\/p>\n","protected":false},"author":1,"featured_media":7988,"comment_status":"closed","ping_status":"closed","sticky":false,"template":"","format":"standard","meta":{"ngg_post_thumbnail":0,"generate_page_header":"","jetpack_post_was_ever_published":false,"_jetpack_newsletter_access":"","_jetpack_dont_email_post_to_subs":false,"_jetpack_newsletter_tier_id":0,"_jetpack_memberships_contains_paywalled_content":false,"_jetpack_memberships_contains_paid_content":false,"footnotes":"","jetpack_publicize_message":"","jetpack_publicize_feature_enabled":true,"jetpack_social_post_already_shared":true,"jetpack_social_options":{"image_generator_settings":{"template":"highway","default_image_id":0,"enabled":false},"version":2}},"categories":[1],"tags":[1272,1273,889,1271],"class_list":["post-9818","post","type-post","status-publish","format-standard","has-post-thumbnail","hentry","category-allgemein","tag-betriebserlaubnis","tag-bundesrat","tag-dmfv","tag-luftrecht"],"jetpack_publicize_connections":[],"jetpack_featured_media_url":"http:\/\/mikanews.net\/wp-content\/uploads\/2020\/03\/Logo_DMFV.jpg","jetpack_sharing_enabled":true,"jetpack_shortlink":"https:\/\/wp.me\/p7TL9y-2ym","amp_enabled":true,"_links":{"self":[{"href":"http:\/\/mikanews.net\/index.php?rest_route=\/wp\/v2\/posts\/9818","targetHints":{"allow":["GET"]}}],"collection":[{"href":"http:\/\/mikanews.net\/index.php?rest_route=\/wp\/v2\/posts"}],"about":[{"href":"http:\/\/mikanews.net\/index.php?rest_route=\/wp\/v2\/types\/post"}],"author":[{"embeddable":true,"href":"http:\/\/mikanews.net\/index.php?rest_route=\/wp\/v2\/users\/1"}],"replies":[{"embeddable":true,"href":"http:\/\/mikanews.net\/index.php?rest_route=%2Fwp%2Fv2%2Fcomments&post=9818"}],"version-history":[{"count":1,"href":"http:\/\/mikanews.net\/index.php?rest_route=\/wp\/v2\/posts\/9818\/revisions"}],"predecessor-version":[{"id":9819,"href":"http:\/\/mikanews.net\/index.php?rest_route=\/wp\/v2\/posts\/9818\/revisions\/9819"}],"wp:featuredmedia":[{"embeddable":true,"href":"http:\/\/mikanews.net\/index.php?rest_route=\/wp\/v2\/media\/7988"}],"wp:attachment":[{"href":"http:\/\/mikanews.net\/index.php?rest_route=%2Fwp%2Fv2%2Fmedia&parent=9818"}],"wp:term":[{"taxonomy":"category","embeddable":true,"href":"http:\/\/mikanews.net\/index.php?rest_route=%2Fwp%2Fv2%2Fcategories&post=9818"},{"taxonomy":"post_tag","embeddable":true,"href":"http:\/\/mikanews.net\/index.php?rest_route=%2Fwp%2Fv2%2Ftags&post=9818"}],"curies":[{"name":"wp","href":"https:\/\/api.w.org\/{rel}","templated":true}]}}